{"id":265527,"date":"2022-02-18T12:06:24","date_gmt":"2022-02-18T11:06:24","guid":{"rendered":"https:\/\/www.aventure-chlorophylle.com\/?p=265527"},"modified":"2022-02-18T12:06:28","modified_gmt":"2022-02-18T11:06:28","slug":"via-ferrata-du-siala-gourette-pyrenees-atlantiques","status":"publish","type":"post","link":"https:\/\/www.aventure-chlorophylle.com\/de\/via-ferrata-du-siala-gourette-pyrenees-atlantiques\/","title":{"rendered":"Der Klettersteig von Siala in Gourette in den Atlantischen Pyren\u00e4en"},"content":{"rendered":"<p>[et_pb_section fb_built=\u00a0\u00bb1&Prime; admin_label=\u00a0\u00bbsection\u00a0\u00bb _builder_version=\u00a0\u00bb3.22&Prime; global_colors_info=\u00a0\u00bb{}\u00a0\u00bb][et_pb_row _builder_version=\u00a0\u00bb4.14.7&Prime; _module_preset=\u00a0\u00bbdefault\u00a0\u00bb global_colors_info=\u00a0\u00bb{}\u00a0\u00bb][et_pb_column type=\u00a0\u00bb4_4&Prime; _builder_version=\u00a0\u00bb4.14.7&Prime; _module_preset=\u00a0\u00bbdefault\u00a0\u00bb global_colors_info=\u00a0\u00bb{}\u00a0\u00bb][et_pb_text admin_label=\u00a0\u00bbUn panorama exceptionnel sur la Vall\u00e9e d&rsquo;Ossau, de Laruns au col d&rsquo;Aubisque\u00a0\u00bb _builder_version=\u00a0\u00bb4.14.7&Prime; _module_preset=\u00a0\u00bbdefault\u00a0\u00bb global_colors_info=\u00a0\u00bb{}\u00a0\u00bb]<\/p>\n<h2 class=\"western\" style=\"text-align: center;\">Ein au\u00dfergew\u00f6hnliches Panorama \u00fcber das Ossau-Tal von Laruns bis zum Col d'Aubisque<\/h2>\n<p>[\/et_pb_text][et_pb_text admin_label=\u00a0\u00bbLa via ferrata du Siala se situe en vall\u00e9e d\u2019Ossau, dans les Pyr\u00e9n\u00e9es Atlantiques.\u00a0\u00bb _builder_version=\u00a0\u00bb4.14.7&Prime; _module_preset=\u00a0\u00bbdefault\u00a0\u00bb global_colors_info=\u00a0\u00bb{}\u00a0\u00bb]<\/p>\n<p>Die <a href=\"https:\/\/www.aventure-chlorophylle.com\/de\/produkt\/klettersteig-ferrata-gourette-laruns\/\" target=\"_blank\" rel=\"noopener\"><strong>Siala-Klettersteig<\/strong><\/a> liegt in <a href=\"https:\/\/www.valleedossau-tourisme.com\/\" target=\"_blank\" rel=\"noopener\"><strong>Ossautal<\/strong><\/a>in den <strong>Atlantische Pyren\u00e4en<\/strong>. Mit einem H\u00f6henunterschied von 150m bis 180m und einer L\u00e4nge von <strong>250m bis 300m Kabel<\/strong>Auf dieser Route k\u00f6nnen Sie sich St\u00fcck f\u00fcr St\u00fcck, Sprosse f\u00fcr Sprosse, nach oben arbeiten, um sich an einem <strong>au\u00dfergew\u00f6hnliches Panorama \u00fcber das Tal<\/strong>. Der Blick schweift bis zum Gave du Valentin, den man \u00fcber Affenbr\u00fccken \u00fcberquert hat, und erstreckt sich bis nach <strong>Laruns<\/strong>\u00a0und beim <strong>Col d'Aubisque<\/strong> !<\/p>\n<p>&nbsp;<\/p>\n<p>[\/et_pb_text][et_pb_image src=\u00a0\u00bbhttps:\/\/www.aventure-chlorophylle.com\/wp-content\/uploads\/2022\/01\/Via-Ferrata-vallee-ossau.jpg\u00a0\u00bb alt=\u00a0\u00bbpanorama via ferrata laruns\u00a0\u00bb title_text=\u00a0\u00bbVia Ferrata panorama vall\u00e9e ossau\u00a0\u00bb _builder_version=\u00a0\u00bb4.14.7&Prime; _module_preset=\u00a0\u00bbdefault\u00a0\u00bb hover_enabled=\u00a0\u00bb0&Prime; global_colors_info=\u00a0\u00bb{}\u00a0\u00bb sticky_enabled=\u00a0\u00bb0&Prime;][\/et_pb_image][\/et_pb_column][\/et_pb_row][et_pb_row column_structure=\u00a0\u00bb1_2,1_2&Prime; _builder_version=\u00a0\u00bb4.14.7&Prime; _module_preset=\u00a0\u00bbdefault\u00a0\u00bb custom_margin=\u00a0\u00bb50px||||false|false\u00a0\u00bb global_colors_info=\u00a0\u00bb{}\u00a0\u00bb][et_pb_column type=\u00a0\u00bb1_2&Prime; _builder_version=\u00a0\u00bb4.14.5&Prime; _module_preset=\u00a0\u00bbdefault\u00a0\u00bb global_colors_info=\u00a0\u00bb{}\u00a0\u00bb][et_pb_text admin_label=\u00a0\u00bbPetite histoire de la via ferrata\u00a0\u00bb _builder_version=\u00a0\u00bb4.14.7&Prime; _module_preset=\u00a0\u00bbdefault\u00a0\u00bb custom_margin=\u00a0\u00bb80px||||false|false\u00a0\u00bb global_colors_info=\u00a0\u00bb{}\u00a0\u00bb]<\/p>\n<h3 class=\"western\" style=\"text-align: center;\">Kleine Geschichte des Klettersteigs<\/h3>\n<p>&nbsp;<\/p>\n<p style=\"text-align: center;\">Die<strong> Klettersteig<\/strong> ist ein Hochseilgarten, den man mit Hilfe von<strong>in den Fels getriebene Sprossen<\/strong> und <strong>durch ein Kabel gesichert<\/strong> zu dem man sich mit geeigneten Verbindungsmitteln verbindet.<\/p>\n<p style=\"text-align: center;\"><a href=\"https:\/\/fr.wikipedia.org\/wiki\/Via_ferrata\" target=\"_blank\" rel=\"noopener\">Historisch<\/a> die erste Generation von Klettersteigen erscheint in <strong>\u00d6sterreich<\/strong> im Jahr 1843. Danach tauchten die \"vie ferrate\" in den <strong>Italienische Dolomiten<\/strong> zu milit\u00e4rischen Zwecken um 1914. Erst um 1989 entwickelte sich diese Sport- und Freizeitaktivit\u00e4t in Frankreich in den Hautes Alpes.<\/p>\n<p>[\/et_pb_text][\/et_pb_column][et_pb_column type=\u00a0\u00bb1_2&Prime; _builder_version=\u00a0\u00bb4.14.5&Prime; _module_preset=\u00a0\u00bbdefault\u00a0\u00bb global_colors_info=\u00a0\u00bb{}\u00a0\u00bb][et_pb_image src=\u00a0\u00bbhttps:\/\/www.aventure-chlorophylle.com\/wp-content\/uploads\/2022\/01\/Via-Ferrata-Siala-pyrenees.jpg\u00a0\u00bb alt=\u00a0\u00bbparoi dans la via ferrata du Siala \u00e0 Gourette\u00a0\u00bb title_text=\u00a0\u00bbdalle via ferrata siala\u00a0\u00bb _builder_version=\u00a0\u00bb4.14.7&Prime; _module_preset=\u00a0\u00bbdefault\u00a0\u00bb hover_enabled=\u00a0\u00bb0&Prime; global_colors_info=\u00a0\u00bb{}\u00a0\u00bb sticky_enabled=\u00a0\u00bb0&Prime;][\/et_pb_image][\/et_pb_column][\/et_pb_row][et_pb_row _builder_version=\u00a0\u00bb4.14.7&Prime; _module_preset=\u00a0\u00bbdefault\u00a0\u00bb custom_margin=\u00a0\u00bb50px||||false|false\u00a0\u00bb global_colors_info=\u00a0\u00bb{}\u00a0\u00bb][et_pb_column type=\u00a0\u00bb4_4&Prime; _builder_version=\u00a0\u00bb4.14.7&Prime; _module_preset=\u00a0\u00bbdefault\u00a0\u00bb global_colors_info=\u00a0\u00bb{}\u00a0\u00bb][et_pb_text _builder_version=\u00a0\u00bb4.14.7&Prime; _module_preset=\u00a0\u00bbdefault\u00a0\u00bb global_colors_info=\u00a0\u00bb{}\u00a0\u00bb]<\/p>\n<h2 class=\"western\" style=\"text-align: center;\">Der Klettersteig von Siala im Ossau-Tal im Detail<\/h2>\n<p>[\/et_pb_text][\/et_pb_column][\/et_pb_row][et_pb_row column_structure=\u00a0\u00bb2_5,3_5&Prime; _builder_version=\u00a0\u00bb4.14.7&Prime; _module_preset=\u00a0\u00bbdefault\u00a0\u00bb custom_margin=\u00a0\u00bb50px||||false|false\u00a0\u00bb global_colors_info=\u00a0\u00bb{}\u00a0\u00bb][et_pb_column type=\u00a0\u00bb2_5&Prime; _builder_version=\u00a0\u00bb4.14.7&Prime; _module_preset=\u00a0\u00bbdefault\u00a0\u00bb global_colors_info=\u00a0\u00bb{}\u00a0\u00bb][et_pb_image src=\u00a0\u00bbhttps:\/\/www.aventure-chlorophylle.com\/wp-content\/uploads\/2021\/06\/activite_via_ferrata_de_siala_17.jpg\u00a0\u00bb alt=\u00a0\u00bbactivit\u00e9 via ferrata de siala\u00a0\u00bb title_text=\u00a0\u00bbactivit\u00e9 via ferrata de siala\u00a0\u00bb _builder_version=\u00a0\u00bb4.14.7&Prime; _module_preset=\u00a0\u00bbdefault\u00a0\u00bb custom_margin=\u00a0\u00bb10px||1rem||false|false\u00a0\u00bb hover_enabled=\u00a0\u00bb0&Prime; global_colors_info=\u00a0\u00bb{}\u00a0\u00bb sticky_enabled=\u00a0\u00bb0&Prime;][\/et_pb_image][\/et_pb_column][et_pb_column type=\u00a0\u00bb3_5&Prime; _builder_version=\u00a0\u00bb4.14.7&Prime; _module_preset=\u00a0\u00bbdefault\u00a0\u00bb global_colors_info=\u00a0\u00bb{}\u00a0\u00bb][et_pb_text admin_label=\u00a0\u00bbUn d\u00e9part \u00e0 2 pas de la station de ski de Gourette\u00a0\u00bb _builder_version=\u00a0\u00bb4.14.7&Prime; _module_preset=\u00a0\u00bbdefault\u00a0\u00bb global_colors_info=\u00a0\u00bb{}\u00a0\u00bb]<\/p>\n<h3 class=\"western\">Ein Start 2 Schritte von der Skistation Gourette entfernt<\/h3>\n<p>&nbsp;<\/p>\n<p>Der Start der Wanderung befindet sich etwa 3 km unterhalb der <strong><a href=\"https:\/\/www.gourette.com\/\" target=\"_blank\" rel=\"noopener\">Skigebiet Gourette<\/a><\/strong>. Mit Helm, Klettergurt und energieabsorbierenden Verbindungsmitteln ausger\u00fcstet, sind Sie bereit f\u00fcr ein sch\u00f6nes vertikales Abenteuer. Der abw\u00e4rts f\u00fchrende Pfad schl\u00e4ngelt sich zwischen Buchen und Buchsb\u00e4umen hindurch. Er f\u00fchrt in 5 bis 10 Minuten zu den <strong>zwei m\u00f6gliche Starts<\/strong> : einer durch einen <strong>Nepalbr\u00fccke<\/strong> (ein Seil f\u00fcr die F\u00fc\u00dfe, zwei Seile f\u00fcr die H\u00e4nde), die \u00fcber die Felswand f\u00fchrt, indem sie \u00fcber den <strong>gave du Valentin<\/strong>. Die zweite M\u00f6glichkeit besteht darin, von etwas weiter unten zu starten und durch die wundersch\u00f6ne <strong>Schlucht des Siala-Canyons<\/strong>. Der Start erfolgt auf einem ersten <strong>Affenbr\u00fccke<\/strong> der sich mit dem linken Ufer des Gave verbindet, indem er \u00fcber die<strong>t\u00fcrkisfarbenes, klares Wasser<\/strong>. Von dort aus geht es um eine Felsw\u00f6lbung herum, die die drei Fu\u00dfsprossen verdeckt und ein kr\u00e4ftiges Ziehen am Handseil erfordert. Ein <strong>Nepalbr\u00fccke<\/strong> f\u00fchrt uns zur\u00fcck zum rechten Ufer und erreicht den ersten Start, zu unseren F\u00fc\u00dfen die <strong>sch\u00f6ner Wasserfall<\/strong> der bei der Schneeschmelze an den Gitterst\u00e4ben leckt.<\/p>\n<p>[\/et_pb_text][\/et_pb_column][\/et_pb_row][et_pb_row column_structure=\u00a0\u00bb1_2,1_2&Prime; _builder_version=\u00a0\u00bb4.14.7&Prime; _module_preset=\u00a0\u00bbdefault\u00a0\u00bb custom_margin=\u00a0\u00bb60px||||false|false\u00a0\u00bb global_colors_info=\u00a0\u00bb{}\u00a0\u00bb][et_pb_column type=\u00a0\u00bb1_2&Prime; _builder_version=\u00a0\u00bb4.14.7&Prime; _module_preset=\u00a0\u00bbdefault\u00a0\u00bb global_colors_info=\u00a0\u00bb{}\u00a0\u00bb][et_pb_text admin_label=\u00a0\u00bbPlusieurs niveaux de difficult\u00e9 pour cette via ferrata\u00a0\u00bb _builder_version=\u00a0\u00bb4.14.7&Prime; _module_preset=\u00a0\u00bbdefault\u00a0\u00bb custom_margin=\u00a0\u00bb30px||||false|false\u00a0\u00bb global_colors_info=\u00a0\u00bb{}\u00a0\u00bb]<\/p>\n<h3 class=\"western\">Mehrere Schwierigkeitsgrade f\u00fcr diesen Klettersteig<\/h3>\n<p>&nbsp;<\/p>\n<p>Dann beginnt der eigentliche Aufstieg durch eine <strong>Aufeinanderfolge von Metallst\u00e4ben<\/strong> die in der Wand befestigt sind. Am Anfang ist die Felswand sanft abfallend (60 m), aber sie richtet sich allm\u00e4hlich auf und bietet uns ein <strong>zunehmend freie Landschaft<\/strong> w\u00e4hrend des Vorankommens. Es ist nicht ungew\u00f6hnlich, G\u00e4nsegeier zu beobachten, die die Aufwinde nutzen und \u00fcber unseren K\u00f6pfen kreisen, bevor sie eine lange Gerade bis zur n\u00e4chsten Thermik ziehen. Auf einigen Ebenen k\u00f6nnen Sie eine Fotopause einlegen oder Ihren Durst stillen. Nach zwei Dritteln der Strecke m\u00fcssen Sie sich entscheiden, ob Sie die schwierige Option mit einem m\u00f6glichen Ausweg kurz vor den \u00dcberh\u00e4ngen oder die sehr schwierige Route w\u00e4hlen, die gleichzeitig luftig, schwindelerregend und \u00fcberh\u00e4ngend ist und daher an den Armen zerrt.<\/p>\n<p>[\/et_pb_text][\/et_pb_column][et_pb_column type=\u00a0\u00bb1_2&Prime; _builder_version=\u00a0\u00bb4.14.7&Prime; _module_preset=\u00a0\u00bbdefault\u00a0\u00bb global_colors_info=\u00a0\u00bb{}\u00a0\u00bb][et_pb_image src=\u00a0\u00bbhttps:\/\/www.aventure-chlorophylle.com\/wp-content\/uploads\/2022\/01\/Via-Ferrata-Gourette-panorama-vallee-ossau.jpg\u00a0\u00bb alt=\u00a0\u00bbascension dans la via ferrata du Siala \u00e0 Gourette\u00a0\u00bb title_text=\u00a0\u00bbvia ferrata siala grimpeur et panorama\u00a0\u00bb _builder_version=\u00a0\u00bb4.14.7&Prime; _module_preset=\u00a0\u00bbdefault\u00a0\u00bb hover_enabled=\u00a0\u00bb0&Prime; global_colors_info=\u00a0\u00bb{}\u00a0\u00bb sticky_enabled=\u00a0\u00bb0&Prime;][\/et_pb_image][\/et_pb_column][\/et_pb_row][et_pb_row column_structure=\u00a0\u00bb2_5,3_5&Prime; _builder_version=\u00a0\u00bb4.14.7&Prime; _module_preset=\u00a0\u00bbdefault\u00a0\u00bb custom_margin=\u00a0\u00bb50px||||false|false\u00a0\u00bb global_colors_info=\u00a0\u00bb{}\u00a0\u00bb][et_pb_column type=\u00a0\u00bb2_5&Prime; _builder_version=\u00a0\u00bb4.14.7&Prime; _module_preset=\u00a0\u00bbdefault\u00a0\u00bb global_colors_info=\u00a0\u00bb{}\u00a0\u00bb][et_pb_image src=\u00a0\u00bbhttps:\/\/www.aventure-chlorophylle.com\/wp-content\/uploads\/2022\/01\/Via-Ferrata-pyrenees.jpg\u00a0\u00bb alt=\u00a0\u00bbVia ferrata pyr\u00e9n\u00e9es Gourette Laruns\u00a0\u00bb title_text=\u00a0\u00bbVia Ferrata pyrenees grimpeuse\u00a0\u00bb _builder_version=\u00a0\u00bb4.14.7&Prime; _module_preset=\u00a0\u00bbdefault\u00a0\u00bb global_colors_info=\u00a0\u00bb{}\u00a0\u00bb][\/et_pb_image][\/et_pb_column][et_pb_column type=\u00a0\u00bb3_5&Prime; _builder_version=\u00a0\u00bb4.14.7&Prime; _module_preset=\u00a0\u00bbdefault\u00a0\u00bb global_colors_info=\u00a0\u00bb{}\u00a0\u00bb][et_pb_text admin_label=\u00a0\u00bbUn parcours de via ferrata plus facile accessible \u00e0 tous !\u00a0\u00bb _builder_version=\u00a0\u00bb4.14.7&Prime; _module_preset=\u00a0\u00bbdefault\u00a0\u00bb custom_margin=\u00a0\u00bb50px||||false|false\u00a0\u00bb global_colors_info=\u00a0\u00bb{}\u00a0\u00bb]<\/p>\n<h3 class=\"western\">Ein leichterer Klettersteig, der f\u00fcr alle zug\u00e4nglich ist!<\/h3>\n<p>&nbsp;<\/p>\n<p>Wenn Sie nach links gehen, profitieren Sie von einem <strong>etwas leichtere, aber etwas l\u00e4ngere Strecke<\/strong>, mit de <strong>sch\u00f6ne Gef\u00fchle<\/strong> im Schlussabschnitt : <strong>der Fels ist mehr als senkrecht<\/strong>Eine Querung f\u00fchrt zu einem kleinen \u00dcberhang mit einem Dieder, eine weitere Querung mit flachen F\u00fc\u00dfen und schlie\u00dflich ein kurzer, aber intensiver Abhang! Sie haben den Gipfel der Klippe in ca. 2 bis 2,5 Stunden erreicht!<\/p>\n<p>[\/et_pb_text][\/et_pb_column][\/et_pb_row][et_pb_row column_structure=\u00a0\u00bb2_3,1_3&Prime; _builder_version=\u00a0\u00bb4.14.7&Prime; _module_preset=\u00a0\u00bbdefault\u00a0\u00bb custom_margin=\u00a0\u00bb50px||||false|false\u00a0\u00bb global_colors_info=\u00a0\u00bb{}\u00a0\u00bb][et_pb_column type=\u00a0\u00bb2_3&Prime; _builder_version=\u00a0\u00bb4.14.7&Prime; _module_preset=\u00a0\u00bbdefault\u00a0\u00bb global_colors_info=\u00a0\u00bb{}\u00a0\u00bb][et_pb_text admin_label=\u00a0\u00bbUne section plus d\u00e9versante pour les plus t\u00e9m\u00e9raires\u00a0\u00bb _builder_version=\u00a0\u00bb4.14.7&Prime; _module_preset=\u00a0\u00bbdefault\u00a0\u00bb global_colors_info=\u00a0\u00bb{}\u00a0\u00bb]<\/p>\n<h3 class=\"western\">Ein steilerer Abschnitt f\u00fcr die Wagemutigen<\/h3>\n<p>&nbsp;<\/p>\n<p><strong>F\u00fcr die Wagemutigen<\/strong> nachdem Sie den Blinker rechts gesetzt haben, beginnen Sie mit einer <strong>leicht \u00fcberlaufender Abschnitt<\/strong> (20m), die zu einer 10m langen, luftigen Querung f\u00fchrt. Hier beginnt die k\u00f6rperliche Anstrengung: Der Fels w\u00f6lbt sich stark vor und bleibt 12 m lang \u00fcberh\u00e4ngend. Nach einer Verschnaufpause an drei Sprossen geht es weiter zur zweiten Sprosse. <strong>gro\u00dfe \u00dcberh\u00e4nge<\/strong> auf 13m. <strong>Sensationen garantiert!<\/strong> Vor allem, wenn Sie einen Blick \u00fcber die Schulter wagen...Sie beenden den Aufstieg im Wald, inmitten von Heidelbeerf\u00fc\u00dfen (pssst!).<\/p>\n<p>Der R\u00fcckweg erfolgt zu Fu\u00df \u00fcber einen Pfad, der auf den Gipfel der Klippe f\u00fchrt (rote Pfeile) und dann in 10 Minuten wieder zur Stra\u00dfe hinunterf\u00fchrt. Es bleibt eine knappe Viertelstunde, um die Fahrzeuge am Startparkplatz zu erreichen.<\/p>\n<p>[\/et_pb_text][\/et_pb_column][et_pb_column type=\u00a0\u00bb1_3&Prime; _builder_version=\u00a0\u00bb4.14.7&Prime; _module_preset=\u00a0\u00bbdefault\u00a0\u00bb global_colors_info=\u00a0\u00bb{}\u00a0\u00bb][et_pb_image src=\u00a0\u00bbhttps:\/\/www.aventure-chlorophylle.com\/wp-content\/uploads\/2022\/01\/Via-Ferrata-surplomb-tres-difficile.jpg\u00a0\u00bb alt=\u00a0\u00bbVia Ferrata Laruns Pyr\u00e9n\u00e9es surplomb\u00a0\u00bb title_text=\u00a0\u00bbVia Ferrata surplomb\u00a0\u00bb _builder_version=\u00a0\u00bb4.14.7&Prime; _module_preset=\u00a0\u00bbdefault\u00a0\u00bb global_colors_info=\u00a0\u00bb{}\u00a0\u00bb][\/et_pb_image][\/et_pb_column][\/et_pb_row][et_pb_row _builder_version=\u00a0\u00bb4.14.7&Prime; _module_preset=\u00a0\u00bbdefault\u00a0\u00bb custom_margin=\u00a0\u00bb50px||||false|false\u00a0\u00bb global_colors_info=\u00a0\u00bb{}\u00a0\u00bb][et_pb_column type=\u00a0\u00bb4_4&Prime; _builder_version=\u00a0\u00bb4.14.7&Prime; _module_preset=\u00a0\u00bbdefault\u00a0\u00bb global_colors_info=\u00a0\u00bb{}\u00a0\u00bb][et_pb_text admin_label=\u00a0\u00bbVous aussi, venez d\u00e9couvrir ce parcours de via ferrata  \u00e0 la demi-journ\u00e9e de mai \u00e0 octobre avec nos moniteurs dipl\u00f4m\u00e9s !\u00a0\u00bb _builder_version=\u00a0\u00bb4.14.7&Prime; _module_preset=\u00a0\u00bbdefault\u00a0\u00bb global_colors_info=\u00a0\u00bb{}\u00a0\u00bb]<\/p>\n<p style=\"text-align: center;\"><strong>Kommen auch Sie <\/strong><a href=\"https:\/\/www.aventure-chlorophylle.com\/de\/produkt\/klettersteig-ferrata-gourette-laruns\/\" target=\"_blank\" rel=\"noopener\">diesen Klettersteig entdecken<\/a>\u00a0 halbt\u00e4gig von Mai bis Oktober mit unseren diplomierten Lehrern!<\/p>\n<p>&nbsp;<\/p>\n<p>[\/et_pb_text][et_pb_text admin_label=\u00a0\u00bbCandice Piechaud, Nature Spirit, monitrice au sein du Bureau Aventure Chlorophylle\u00a0\u00bb _builder_version=\u00a0\u00bb4.14.7&Prime; _module_preset=\u00a0\u00bbdefault\u00a0\u00bb global_colors_info=\u00a0\u00bb{}\u00a0\u00bb]<\/p>\n<p style=\"text-align: left;\">Candice Piechaud, <a href=\"https:\/\/www.nature-spirit.fr\/\" target=\"_blank\" rel=\"noopener\">Nature Spirit<\/a>, Betreuerin im Bureau Aventure Chlorophylle.<\/p>\n<p>[\/et_pb_text][\/et_pb_column][\/et_pb_row][\/et_pb_section]<\/p>","protected":false},"excerpt":{"rendered":"<p>Un panorama exceptionnel sur la Vall\u00e9e d&rsquo;Ossau, de Laruns au col d&rsquo;AubisqueLa via ferrata du Siala se situe en vall\u00e9e d\u2019Ossau, dans les Pyr\u00e9n\u00e9es Atlantiques. Avec un d\u00e9nivel\u00e9 de 150m \u00e0 180m et une longueur de 250m \u00e0 300m de c\u00e2ble, cet itin\u00e9raire permet de s\u2019\u00e9lever petit \u00e0 petit, barreau apr\u00e8s barreau pour se r\u00e9galer [&hellip;]<\/p>","protected":false},"author":3,"featured_media":263247,"comment_status":"closed","ping_status":"closed","sticky":false,"template":"","format":"standard","meta":{"_acf_changed":false,"_et_pb_use_builder":"on","_et_pb_old_content":"","_et_gb_content_width":"","inline_featured_image":false,"footnotes":""},"categories":[1],"tags":[],"class_list":["post-265527","post","type-post","status-publish","format-standard","has-post-thumbnail","hentry","category-blog"],"acf":[],"yoast_head":"<!-- This site is optimized with the Yoast SEO plugin v26.7 - https:\/\/yoast.com\/wordpress\/plugins\/seo\/ -->\n<title>via ferrata du Siala | Gourette | Aventure Chlorophylle<\/title>\n<meta name=\"description\" content=\"La via ferrata du Siala dans les Pyr\u00e9n\u00e9es : un panorama exceptionnel sur la vall\u00e9e d&#039;Ossau de Gourette au Col d&#039;Aubisque\" \/>\n<meta name=\"robots\" content=\"index, follow, max-snippet:-1, max-image-preview:large, max-video-preview:-1\" \/>\n<link rel=\"canonical\" href=\"https:\/\/www.aventure-chlorophylle.com\/de\/via-ferrata-du-siala-gourette-pyrenees-atlantiques\/\" \/>\n<meta property=\"og:locale\" content=\"de_DE\" \/>\n<meta property=\"og:type\" content=\"article\" \/>\n<meta property=\"og:title\" content=\"via ferrata du Siala | Gourette | Aventure Chlorophylle\" \/>\n<meta property=\"og:description\" content=\"La via ferrata du Siala dans les Pyr\u00e9n\u00e9es : un panorama exceptionnel sur la vall\u00e9e d&#039;Ossau de Gourette au Col d&#039;Aubisque\" \/>\n<meta property=\"og:url\" content=\"https:\/\/www.aventure-chlorophylle.com\/de\/via-ferrata-du-siala-gourette-pyrenees-atlantiques\/\" \/>\n<meta property=\"og:site_name\" content=\"Aventure Chlorophylle\" \/>\n<meta property=\"article:publisher\" content=\"https:\/\/www.facebook.com\/aventurechlorophylle\" \/>\n<meta property=\"article:published_time\" content=\"2022-02-18T11:06:24+00:00\" \/>\n<meta property=\"article:modified_time\" content=\"2022-02-18T11:06:28+00:00\" \/>\n<meta property=\"og:image\" content=\"https:\/\/www.aventure-chlorophylle.com\/wp-content\/uploads\/2021\/06\/activite_via_ferrata_de_siala_35.jpg\" \/>\n\t<meta property=\"og:image:width\" content=\"1440\" \/>\n\t<meta property=\"og:image:height\" content=\"1080\" \/>\n\t<meta property=\"og:image:type\" content=\"image\/jpeg\" \/>\n<meta name=\"author\" content=\"Alex\" \/>\n<meta name=\"twitter:card\" content=\"summary_large_image\" \/>\n<meta name=\"twitter:label1\" content=\"Verfasst von\" \/>\n\t<meta name=\"twitter:data1\" content=\"Alex\" \/>\n\t<meta name=\"twitter:label2\" content=\"Gesch\u00e4tzte Lesezeit\" \/>\n\t<meta name=\"twitter:data2\" content=\"6\u00a0Minuten\" \/>\n<script type=\"application\/ld+json\" class=\"yoast-schema-graph\">{\"@context\":\"https:\/\/schema.org\",\"@graph\":[{\"@type\":\"Article\",\"@id\":\"https:\/\/www.aventure-chlorophylle.com\/via-ferrata-du-siala-gourette-pyrenees-atlantiques\/#article\",\"isPartOf\":{\"@id\":\"https:\/\/www.aventure-chlorophylle.com\/via-ferrata-du-siala-gourette-pyrenees-atlantiques\/\"},\"author\":{\"name\":\"Alex\",\"@id\":\"https:\/\/www.aventure-chlorophylle.com\/#\/schema\/person\/77e4da7f4c3c5be2ef2ce30a09863abe\"},\"headline\":\"La via ferrata du Siala \u00e0 Gourette dans les Pyr\u00e9n\u00e9es Atlantiques\",\"datePublished\":\"2022-02-18T11:06:24+00:00\",\"dateModified\":\"2022-02-18T11:06:28+00:00\",\"mainEntityOfPage\":{\"@id\":\"https:\/\/www.aventure-chlorophylle.com\/via-ferrata-du-siala-gourette-pyrenees-atlantiques\/\"},\"wordCount\":1741,\"publisher\":{\"@id\":\"https:\/\/www.aventure-chlorophylle.com\/#organization\"},\"image\":{\"@id\":\"https:\/\/www.aventure-chlorophylle.com\/via-ferrata-du-siala-gourette-pyrenees-atlantiques\/#primaryimage\"},\"thumbnailUrl\":\"https:\/\/www.aventure-chlorophylle.com\/wp-content\/uploads\/2021\/06\/activite_via_ferrata_de_siala_35.jpg\",\"articleSection\":[\"Blog\"],\"inLanguage\":\"de\"},{\"@type\":\"WebPage\",\"@id\":\"https:\/\/www.aventure-chlorophylle.com\/via-ferrata-du-siala-gourette-pyrenees-atlantiques\/\",\"url\":\"https:\/\/www.aventure-chlorophylle.com\/via-ferrata-du-siala-gourette-pyrenees-atlantiques\/\",\"name\":\"via ferrata du Siala | Gourette | Aventure Chlorophylle\",\"isPartOf\":{\"@id\":\"https:\/\/www.aventure-chlorophylle.com\/#website\"},\"primaryImageOfPage\":{\"@id\":\"https:\/\/www.aventure-chlorophylle.com\/via-ferrata-du-siala-gourette-pyrenees-atlantiques\/#primaryimage\"},\"image\":{\"@id\":\"https:\/\/www.aventure-chlorophylle.com\/via-ferrata-du-siala-gourette-pyrenees-atlantiques\/#primaryimage\"},\"thumbnailUrl\":\"https:\/\/www.aventure-chlorophylle.com\/wp-content\/uploads\/2021\/06\/activite_via_ferrata_de_siala_35.jpg\",\"datePublished\":\"2022-02-18T11:06:24+00:00\",\"dateModified\":\"2022-02-18T11:06:28+00:00\",\"description\":\"La via ferrata du Siala dans les Pyr\u00e9n\u00e9es : un panorama exceptionnel sur la vall\u00e9e d'Ossau de Gourette au Col d'Aubisque\",\"breadcrumb\":{\"@id\":\"https:\/\/www.aventure-chlorophylle.com\/via-ferrata-du-siala-gourette-pyrenees-atlantiques\/#breadcrumb\"},\"inLanguage\":\"de\",\"potentialAction\":[{\"@type\":\"ReadAction\",\"target\":[\"https:\/\/www.aventure-chlorophylle.com\/via-ferrata-du-siala-gourette-pyrenees-atlantiques\/\"]}]},{\"@type\":\"ImageObject\",\"inLanguage\":\"de\",\"@id\":\"https:\/\/www.aventure-chlorophylle.com\/via-ferrata-du-siala-gourette-pyrenees-atlantiques\/#primaryimage\",\"url\":\"https:\/\/www.aventure-chlorophylle.com\/wp-content\/uploads\/2021\/06\/activite_via_ferrata_de_siala_35.jpg\",\"contentUrl\":\"https:\/\/www.aventure-chlorophylle.com\/wp-content\/uploads\/2021\/06\/activite_via_ferrata_de_siala_35.jpg\",\"width\":1440,\"height\":1080,\"caption\":\"Via ferrata de Siala \u00e0 Gourette, \u00e0 1h de Pau\"},{\"@type\":\"BreadcrumbList\",\"@id\":\"https:\/\/www.aventure-chlorophylle.com\/via-ferrata-du-siala-gourette-pyrenees-atlantiques\/#breadcrumb\",\"itemListElement\":[{\"@type\":\"ListItem\",\"position\":1,\"name\":\"Accueil\",\"item\":\"https:\/\/www.aventure-chlorophylle.com\/\"},{\"@type\":\"ListItem\",\"position\":2,\"name\":\"La via ferrata du Siala \u00e0 Gourette dans les Pyr\u00e9n\u00e9es Atlantiques\"}]},{\"@type\":\"WebSite\",\"@id\":\"https:\/\/www.aventure-chlorophylle.com\/#website\",\"url\":\"https:\/\/www.aventure-chlorophylle.com\/\",\"name\":\"Aventure Chlorophylle\",\"description\":\"Activit\u00e9s de Canyoning, rafting et sp\u00e9l\u00e9ologie dans les Pyr\u00e9n\u00e9es\",\"publisher\":{\"@id\":\"https:\/\/www.aventure-chlorophylle.com\/#organization\"},\"potentialAction\":[{\"@type\":\"SearchAction\",\"target\":{\"@type\":\"EntryPoint\",\"urlTemplate\":\"https:\/\/www.aventure-chlorophylle.com\/?s={search_term_string}\"},\"query-input\":{\"@type\":\"PropertyValueSpecification\",\"valueRequired\":true,\"valueName\":\"search_term_string\"}}],\"inLanguage\":\"de\"},{\"@type\":\"Organization\",\"@id\":\"https:\/\/www.aventure-chlorophylle.com\/#organization\",\"name\":\"Aventure Chlorophylle\",\"url\":\"https:\/\/www.aventure-chlorophylle.com\/\",\"logo\":{\"@type\":\"ImageObject\",\"inLanguage\":\"de\",\"@id\":\"https:\/\/www.aventure-chlorophylle.com\/#\/schema\/logo\/image\/\",\"url\":\"https:\/\/www.aventure-chlorophylle.com\/wp-content\/uploads\/2021\/04\/logo_aventure_chlorophylle.png\",\"contentUrl\":\"https:\/\/www.aventure-chlorophylle.com\/wp-content\/uploads\/2021\/04\/logo_aventure_chlorophylle.png\",\"width\":356,\"height\":392,\"caption\":\"Aventure Chlorophylle\"},\"image\":{\"@id\":\"https:\/\/www.aventure-chlorophylle.com\/#\/schema\/logo\/image\/\"},\"sameAs\":[\"https:\/\/www.facebook.com\/aventurechlorophylle\",\"https:\/\/www.instagram.com\/aventure_chlorophylle\/\"]},{\"@type\":\"Person\",\"@id\":\"https:\/\/www.aventure-chlorophylle.com\/#\/schema\/person\/77e4da7f4c3c5be2ef2ce30a09863abe\",\"name\":\"Alex\"}]}<\/script>\n<!-- \/ Yoast SEO plugin. -->","yoast_head_json":{"title":"Klettersteig von Siala | Gourette | Aventure Chlorophylle","description":"Der Klettersteig von Siala in den Pyren\u00e4en: ein au\u00dfergew\u00f6hnliches Panorama \u00fcber das Ossau-Tal von Gourette bis zum Col d'Aubisque","robots":{"index":"index","follow":"follow","max-snippet":"max-snippet:-1","max-image-preview":"max-image-preview:large","max-video-preview":"max-video-preview:-1"},"canonical":"https:\/\/www.aventure-chlorophylle.com\/de\/via-ferrata-du-siala-gourette-pyrenees-atlantiques\/","og_locale":"de_DE","og_type":"article","og_title":"via ferrata du Siala | Gourette | Aventure Chlorophylle","og_description":"La via ferrata du Siala dans les Pyr\u00e9n\u00e9es : un panorama exceptionnel sur la vall\u00e9e d'Ossau de Gourette au Col d'Aubisque","og_url":"https:\/\/www.aventure-chlorophylle.com\/de\/via-ferrata-du-siala-gourette-pyrenees-atlantiques\/","og_site_name":"Aventure Chlorophylle","article_publisher":"https:\/\/www.facebook.com\/aventurechlorophylle","article_published_time":"2022-02-18T11:06:24+00:00","article_modified_time":"2022-02-18T11:06:28+00:00","og_image":[{"width":1440,"height":1080,"url":"https:\/\/www.aventure-chlorophylle.com\/wp-content\/uploads\/2021\/06\/activite_via_ferrata_de_siala_35.jpg","type":"image\/jpeg"}],"author":"Alex","twitter_card":"summary_large_image","twitter_misc":{"Verfasst von":"Alex","Gesch\u00e4tzte Lesezeit":"6\u00a0Minuten"},"schema":{"@context":"https:\/\/schema.org","@graph":[{"@type":"Article","@id":"https:\/\/www.aventure-chlorophylle.com\/via-ferrata-du-siala-gourette-pyrenees-atlantiques\/#article","isPartOf":{"@id":"https:\/\/www.aventure-chlorophylle.com\/via-ferrata-du-siala-gourette-pyrenees-atlantiques\/"},"author":{"name":"Alex","@id":"https:\/\/www.aventure-chlorophylle.com\/#\/schema\/person\/77e4da7f4c3c5be2ef2ce30a09863abe"},"headline":"La via ferrata du Siala \u00e0 Gourette dans les Pyr\u00e9n\u00e9es Atlantiques","datePublished":"2022-02-18T11:06:24+00:00","dateModified":"2022-02-18T11:06:28+00:00","mainEntityOfPage":{"@id":"https:\/\/www.aventure-chlorophylle.com\/via-ferrata-du-siala-gourette-pyrenees-atlantiques\/"},"wordCount":1741,"publisher":{"@id":"https:\/\/www.aventure-chlorophylle.com\/#organization"},"image":{"@id":"https:\/\/www.aventure-chlorophylle.com\/via-ferrata-du-siala-gourette-pyrenees-atlantiques\/#primaryimage"},"thumbnailUrl":"https:\/\/www.aventure-chlorophylle.com\/wp-content\/uploads\/2021\/06\/activite_via_ferrata_de_siala_35.jpg","articleSection":["Blog"],"inLanguage":"de"},{"@type":"WebPage","@id":"https:\/\/www.aventure-chlorophylle.com\/via-ferrata-du-siala-gourette-pyrenees-atlantiques\/","url":"https:\/\/www.aventure-chlorophylle.com\/via-ferrata-du-siala-gourette-pyrenees-atlantiques\/","name":"Klettersteig von Siala | Gourette | Aventure Chlorophylle","isPartOf":{"@id":"https:\/\/www.aventure-chlorophylle.com\/#website"},"primaryImageOfPage":{"@id":"https:\/\/www.aventure-chlorophylle.com\/via-ferrata-du-siala-gourette-pyrenees-atlantiques\/#primaryimage"},"image":{"@id":"https:\/\/www.aventure-chlorophylle.com\/via-ferrata-du-siala-gourette-pyrenees-atlantiques\/#primaryimage"},"thumbnailUrl":"https:\/\/www.aventure-chlorophylle.com\/wp-content\/uploads\/2021\/06\/activite_via_ferrata_de_siala_35.jpg","datePublished":"2022-02-18T11:06:24+00:00","dateModified":"2022-02-18T11:06:28+00:00","description":"Der Klettersteig von Siala in den Pyren\u00e4en: ein au\u00dfergew\u00f6hnliches Panorama \u00fcber das Ossau-Tal von Gourette bis zum Col d'Aubisque","breadcrumb":{"@id":"https:\/\/www.aventure-chlorophylle.com\/via-ferrata-du-siala-gourette-pyrenees-atlantiques\/#breadcrumb"},"inLanguage":"de","potentialAction":[{"@type":"ReadAction","target":["https:\/\/www.aventure-chlorophylle.com\/via-ferrata-du-siala-gourette-pyrenees-atlantiques\/"]}]},{"@type":"ImageObject","inLanguage":"de","@id":"https:\/\/www.aventure-chlorophylle.com\/via-ferrata-du-siala-gourette-pyrenees-atlantiques\/#primaryimage","url":"https:\/\/www.aventure-chlorophylle.com\/wp-content\/uploads\/2021\/06\/activite_via_ferrata_de_siala_35.jpg","contentUrl":"https:\/\/www.aventure-chlorophylle.com\/wp-content\/uploads\/2021\/06\/activite_via_ferrata_de_siala_35.jpg","width":1440,"height":1080,"caption":"Via ferrata de Siala \u00e0 Gourette, \u00e0 1h de Pau"},{"@type":"BreadcrumbList","@id":"https:\/\/www.aventure-chlorophylle.com\/via-ferrata-du-siala-gourette-pyrenees-atlantiques\/#breadcrumb","itemListElement":[{"@type":"ListItem","position":1,"name":"Accueil","item":"https:\/\/www.aventure-chlorophylle.com\/"},{"@type":"ListItem","position":2,"name":"La via ferrata du Siala \u00e0 Gourette dans les Pyr\u00e9n\u00e9es Atlantiques"}]},{"@type":"WebSite","@id":"https:\/\/www.aventure-chlorophylle.com\/#website","url":"https:\/\/www.aventure-chlorophylle.com\/","name":"Abenteuer Chlorophyll","description":"Canyoning-, Rafting- und H\u00f6hlenforschungsaktivit\u00e4ten in den Pyren\u00e4en","publisher":{"@id":"https:\/\/www.aventure-chlorophylle.com\/#organization"},"potentialAction":[{"@type":"SearchAction","target":{"@type":"EntryPoint","urlTemplate":"https:\/\/www.aventure-chlorophylle.com\/?s={search_term_string}"},"query-input":{"@type":"PropertyValueSpecification","valueRequired":true,"valueName":"search_term_string"}}],"inLanguage":"de"},{"@type":"Organization","@id":"https:\/\/www.aventure-chlorophylle.com\/#organization","name":"Abenteuer Chlorophyll","url":"https:\/\/www.aventure-chlorophylle.com\/","logo":{"@type":"ImageObject","inLanguage":"de","@id":"https:\/\/www.aventure-chlorophylle.com\/#\/schema\/logo\/image\/","url":"https:\/\/www.aventure-chlorophylle.com\/wp-content\/uploads\/2021\/04\/logo_aventure_chlorophylle.png","contentUrl":"https:\/\/www.aventure-chlorophylle.com\/wp-content\/uploads\/2021\/04\/logo_aventure_chlorophylle.png","width":356,"height":392,"caption":"Aventure Chlorophylle"},"image":{"@id":"https:\/\/www.aventure-chlorophylle.com\/#\/schema\/logo\/image\/"},"sameAs":["https:\/\/www.facebook.com\/aventurechlorophylle","https:\/\/www.instagram.com\/aventure_chlorophylle\/"]},{"@type":"Person","@id":"https:\/\/www.aventure-chlorophylle.com\/#\/schema\/person\/77e4da7f4c3c5be2ef2ce30a09863abe","name":"Alex"}]}},"_links":{"self":[{"href":"https:\/\/www.aventure-chlorophylle.com\/de\/wp-json\/wp\/v2\/posts\/265527","targetHints":{"allow":["GET"]}}],"collection":[{"href":"https:\/\/www.aventure-chlorophylle.com\/de\/wp-json\/wp\/v2\/posts"}],"about":[{"href":"https:\/\/www.aventure-chlorophylle.com\/de\/wp-json\/wp\/v2\/types\/post"}],"author":[{"embeddable":true,"href":"https:\/\/www.aventure-chlorophylle.com\/de\/wp-json\/wp\/v2\/users\/3"}],"replies":[{"embeddable":true,"href":"https:\/\/www.aventure-chlorophylle.com\/de\/wp-json\/wp\/v2\/comments?post=265527"}],"version-history":[{"count":21,"href":"https:\/\/www.aventure-chlorophylle.com\/de\/wp-json\/wp\/v2\/posts\/265527\/revisions"}],"predecessor-version":[{"id":265639,"href":"https:\/\/www.aventure-chlorophylle.com\/de\/wp-json\/wp\/v2\/posts\/265527\/revisions\/265639"}],"wp:featuredmedia":[{"embeddable":true,"href":"https:\/\/www.aventure-chlorophylle.com\/de\/wp-json\/wp\/v2\/media\/263247"}],"wp:attachment":[{"href":"https:\/\/www.aventure-chlorophylle.com\/de\/wp-json\/wp\/v2\/media?parent=265527"}],"wp:term":[{"taxonomy":"category","embeddable":true,"href":"https:\/\/www.aventure-chlorophylle.com\/de\/wp-json\/wp\/v2\/categories?post=265527"},{"taxonomy":"post_tag","embeddable":true,"href":"https:\/\/www.aventure-chlorophylle.com\/de\/wp-json\/wp\/v2\/tags?post=265527"}],"curies":[{"name":"wp","href":"https:\/\/api.w.org\/{rel}","templated":true}]}}