{"id":266271,"date":"2022-07-11T14:53:55","date_gmt":"2022-07-11T12:53:55","guid":{"rendered":"https:\/\/www.aventure-chlorophylle.com\/?p=266271"},"modified":"2022-07-11T14:54:02","modified_gmt":"2022-07-11T12:54:02","slug":"grotte-de-balague","status":"publish","type":"post","link":"https:\/\/www.aventure-chlorophylle.com\/de\/grotte-de-balague\/","title":{"rendered":"H\u00f6hle von Balagu\u00e9"},"content":{"rendered":"<p>[et_pb_section fb_built=\u00a0\u00bb1&Prime; admin_label=\u00a0\u00bbsection\u00a0\u00bb _builder_version=\u00a0\u00bb4.16&Prime; global_colors_info=\u00a0\u00bb{}\u00a0\u00bb][et_pb_row admin_label=\u00a0\u00bbrow\u00a0\u00bb _builder_version=\u00a0\u00bb4.16&Prime; background_size=\u00a0\u00bbinitial\u00a0\u00bb background_position=\u00a0\u00bbtop_left\u00a0\u00bb background_repeat=\u00a0\u00bbrepeat\u00a0\u00bb global_colors_info=\u00a0\u00bb{}\u00a0\u00bb][et_pb_column type=\u00a0\u00bb4_4&Prime; _builder_version=\u00a0\u00bb4.16&Prime; custom_padding=\u00a0\u00bb|||\u00a0\u00bb global_colors_info=\u00a0\u00bb{}\u00a0\u00bb custom_padding__hover=\u00a0\u00bb|||\u00a0\u00bb][et_pb_text _builder_version=\u00a0\u00bb4.17.3&Prime; _module_preset=\u00a0\u00bbdefault\u00a0\u00bb custom_margin=\u00a0\u00bb||60px||false|false\u00a0\u00bb global_colors_info=\u00a0\u00bb{}\u00a0\u00bb]<\/p>\n<p style=\"text-align: center;\"><strong>H\u00f6hlenf\u00fchrer<\/strong>Ich nehme Sie mit auf eine Entdeckungsreise durch die Sch\u00f6nheit und die verborgenen Wunder einer ungeahnten Welt im Herzen der Welt. <strong>Pyren\u00e4en<\/strong> <strong>Atlantiques<\/strong>. Deshalb schlage ich Ihnen vor, eine \"H\u00f6hlenerfahrung\" in einer der sehr zahlreichen H\u00f6hlen der <strong>Ossau-Tal<\/strong>. In unmittelbarer N\u00e4he des Dorfes <strong>R\u00e9b\u00e9nacq<\/strong>,<strong> s\u00fcdlich von Pau<\/strong>Sie hei\u00dft die <strong>H\u00f6hle<\/strong> <strong>von Balagu\u00e9<\/strong>Das Wort \"Baustelle\" bezieht sich auf die Baustelle auf der Spitze des H\u00fcgels, in dem sich ein unterirdisches Netzwerk befindet.<\/p>\n<p style=\"text-align: center;\"><strong>Diese H\u00f6hle ist bemerkenswert<\/strong> da sie eine Vielfalt an unterschiedlichen Landschaften und Stimmungen bietet. Dies erm\u00f6glicht es uns, die <strong>Reicht\u00fcmer der<\/strong> <strong>H\u00f6hlenforschung<\/strong> an die gr\u00f6\u00dftm\u00f6gliche Anzahl von Menschen.<\/p>\n<p>[\/et_pb_text][\/et_pb_column][\/et_pb_row][et_pb_row _builder_version=\u00a0\u00bb4.17.3&Prime; _module_preset=\u00a0\u00bbdefault\u00a0\u00bb custom_margin=\u00a0\u00bb-100px||-75px||false|false\u00a0\u00bb global_colors_info=\u00a0\u00bb{}\u00a0\u00bb][et_pb_column type=\u00a0\u00bb4_4&Prime; _builder_version=\u00a0\u00bb4.17.3&Prime; _module_preset=\u00a0\u00bbdefault\u00a0\u00bb global_colors_info=\u00a0\u00bb{}\u00a0\u00bb][et_pb_image src=\u00a0\u00bbhttps:\/\/www.aventure-chlorophylle.com\/wp-content\/uploads\/2022\/06\/Speleologie-Pyrenees-Ossau-grotte-de-Ballague014-e1655987210241.jpg\u00a0\u00bb alt=\u00a0\u00bbSp\u00e9l\u00e9ologie grotte de Balagu\u00e9 dans les Pyr\u00e9n\u00e9es\u00a0\u00bb title_text=\u00a0\u00bbSpeleologie Pyrenees Ossau (grotte de Ballague)\u00a0\u00bb align=\u00a0\u00bbcenter\u00a0\u00bb module_class=\u00a0\u00bbmsk-1&Prime; _builder_version=\u00a0\u00bb4.17.3&Prime; _module_preset=\u00a0\u00bbdefault\u00a0\u00bb width=\u00a0\u00bb49%\u00a0\u00bb global_colors_info=\u00a0\u00bb{}\u00a0\u00bb][\/et_pb_image][\/et_pb_column][\/et_pb_row][et_pb_row column_structure=\u00a0\u00bb1_2,1_2&Prime; _builder_version=\u00a0\u00bb4.17.3&Prime; _module_preset=\u00a0\u00bbdefault\u00a0\u00bb global_colors_info=\u00a0\u00bb{}\u00a0\u00bb][et_pb_column type=\u00a0\u00bb1_2&Prime; _builder_version=\u00a0\u00bb4.17.3&Prime; _module_preset=\u00a0\u00bbdefault\u00a0\u00bb global_colors_info=\u00a0\u00bb{}\u00a0\u00bb][et_pb_text _builder_version=\u00a0\u00bb4.17.3&Prime; _module_preset=\u00a0\u00bbdefault\u00a0\u00bb custom_margin=\u00a0\u00bb100px||||false|false\u00a0\u00bb global_colors_info=\u00a0\u00bb{}\u00a0\u00bb]<\/p>\n<p>Ich schlage Ihnen mehrere Routen vor, die es uns erm\u00f6glichen, diese H\u00f6hle fast in ihrer Gesamtheit zu entdecken und zu erforschen:<\/p>\n<ul>\n<li><strong>Ein Entdeckungsparcours \"Forscher\"<\/strong>Das Buch ist f\u00fcr die Kleinsten geeignet oder f\u00fcr diejenigen, die ein kleines Abenteuer erleben m\u00f6chten, bevor sie Vertrauen fassen.<\/li>\n<li><strong>Ein Parcours \"sportliche Einf\u00fchrung\".<\/strong>F\u00fcr Wagemutige, Anf\u00e4nger und Fortgeschrittene.<\/li>\n<\/ul>\n<p>[\/et_pb_text][\/et_pb_column][et_pb_column type=\u00a0\u00bb1_2&Prime; _builder_version=\u00a0\u00bb4.17.3&Prime; _module_preset=\u00a0\u00bbdefault\u00a0\u00bb global_colors_info=\u00a0\u00bb{}\u00a0\u00bb][et_pb_image src=\u00a0\u00bbhttps:\/\/www.aventure-chlorophylle.com\/wp-content\/uploads\/2022\/06\/IMG_20210619_105744_1_resultat-PUBLIEE.jpg\u00a0\u00bb alt=\u00a0\u00bbsp\u00e9l\u00e9ologie rebenacq\u00a0\u00bb title_text=\u00a0\u00bbIMG_20210619_105744_1_resultat PUBLIEE\u00a0\u00bb _builder_version=\u00a0\u00bb4.17.3&Prime; _module_preset=\u00a0\u00bbdefault\u00a0\u00bb custom_margin=\u00a0\u00bb60px||1rem||false|false\u00a0\u00bb global_colors_info=\u00a0\u00bb{}\u00a0\u00bb][\/et_pb_image][\/et_pb_column][\/et_pb_row][et_pb_row column_structure=\u00a0\u00bb1_2,1_2&Prime; _builder_version=\u00a0\u00bb4.17.3&Prime; _module_preset=\u00a0\u00bbdefault\u00a0\u00bb custom_padding=\u00a0\u00bb||36px|||\u00a0\u00bb global_colors_info=\u00a0\u00bb{}\u00a0\u00bb][et_pb_column type=\u00a0\u00bb1_2&Prime; _builder_version=\u00a0\u00bb4.17.3&Prime; _module_preset=\u00a0\u00bbdefault\u00a0\u00bb global_colors_info=\u00a0\u00bb{}\u00a0\u00bb][et_pb_image src=\u00a0\u00bbhttps:\/\/www.aventure-chlorophylle.com\/wp-content\/uploads\/2022\/06\/speleo-rebenacq-aprem-22-scaled.jpg\u00a0\u00bb alt=\u00a0\u00bbsp\u00e9l\u00e9ologie grotte de Balagu\u00e9\u00a0\u00bb title_text=\u00a0\u00bbsp\u00e9l\u00e9o-r\u00e9b\u00e9nacq-aprem (22)\u00a0\u00bb _builder_version=\u00a0\u00bb4.17.3&Prime; _module_preset=\u00a0\u00bbdefault\u00a0\u00bb global_colors_info=\u00a0\u00bb{}\u00a0\u00bb][\/et_pb_image][\/et_pb_column][et_pb_column type=\u00a0\u00bb1_2&Prime; _builder_version=\u00a0\u00bb4.17.3&Prime; _module_preset=\u00a0\u00bbdefault\u00a0\u00bb global_colors_info=\u00a0\u00bb{}\u00a0\u00bb][et_pb_text _builder_version=\u00a0\u00bb4.17.3&Prime; _module_preset=\u00a0\u00bbdefault\u00a0\u00bb custom_margin=\u00a0\u00bb120px||||false|false\u00a0\u00bb global_colors_info=\u00a0\u00bb{}\u00a0\u00bb]<\/p>\n<p style=\"text-align: center;\"><strong>Von Kopf bis Fu\u00df ausger\u00fcstet<\/strong> mit dem Overall, den Stiefeln und den Helmen mit elektronischer Beleuchtung gehen wir nach <strong>zehn kleine Minuten von<\/strong> <strong>Spaziergang<\/strong> die uns zum Eingang der H\u00f6hle f\u00fchren. Dieser ist \u00fcberraschend und der Anfang scheint nicht ganz einfach zu sein, aber nach einigen Erkl\u00e4rungen und einer kleinen Portion Motivation betreten wir eine neue Welt.<\/p>\n<p style=\"text-align: center;\"><strong>Die<\/strong> <strong>M\u00e4ander wird gr\u00f6\u00dfer<\/strong> schnell und wir kommen in einen kleinen Raum, in dem sich alle versammeln k\u00f6nnen.<strong> Die k\u00fchle Atmosph\u00e4re und<\/strong> <strong>beruhigend<\/strong> beruhigt und weckt Ihre Entdeckerseele. Wir reisen ab nach <strong>einige Meter auf allen Vieren<\/strong> um neue Landschaften zu sehen und zu entdecken. Wir kommen schnell in eine <strong>gro\u00dfe Galerie<\/strong> (fast 12 m hoch).<\/p>\n<p style=\"text-align: center;\">Der Rest der Strecke wird \u00fcberwiegend im Stehen zur\u00fcckgelegt, mit einigen Kletterpassagen. Im weiteren Verlauf des Abenteuers versuchen wir, uns zu orientieren, aber auch die Welt um uns herum zu beobachten, zu verstehen und uns dar\u00fcber auszutauschen. <strong>Geologie<\/strong>, <strong>Geschichte<\/strong>, <strong>Untertageleben<\/strong>, <strong>Konkretionen<\/strong>... so viele Themen, die man mit \u00e4lteren und j\u00fcngeren Kindern vertiefen kann!<\/p>\n<p>[\/et_pb_text][et_pb_image src=\u00a0\u00bbhttps:\/\/www.aventure-chlorophylle.com\/wp-content\/uploads\/2022\/06\/logo_aventure_chlorophylle_vert-clair.png\u00a0\u00bb title_text=\u00a0\u00bblogo_aventure_chlorophylle_vert clair\u00a0\u00bb align=\u00a0\u00bbcenter\u00a0\u00bb admin_label=\u00a0\u00bblogo\u00a0\u00bb _builder_version=\u00a0\u00bb4.17.3&Prime; _module_preset=\u00a0\u00bbdefault\u00a0\u00bb width=\u00a0\u00bb39%\u00a0\u00bb global_colors_info=\u00a0\u00bb{}\u00a0\u00bb][\/et_pb_image][\/et_pb_column][\/et_pb_row][et_pb_row _builder_version=\u00a0\u00bb4.17.3&Prime; _module_preset=\u00a0\u00bbdefault\u00a0\u00bb global_colors_info=\u00a0\u00bb{}\u00a0\u00bb][et_pb_column type=\u00a0\u00bb4_4&Prime; _builder_version=\u00a0\u00bb4.17.3&Prime; _module_preset=\u00a0\u00bbdefault\u00a0\u00bb global_colors_info=\u00a0\u00bb{}\u00a0\u00bb][et_pb_text _builder_version=\u00a0\u00bb4.17.3&Prime; _module_preset=\u00a0\u00bbdefault\u00a0\u00bb custom_margin=\u00a0\u00bb60px||||false|false\u00a0\u00bb global_colors_info=\u00a0\u00bb{}\u00a0\u00bb]<\/p>\n<p style=\"text-align: center;\">Die Erkundung endet nach 2 bis 2,5 Stunden unter der Erde, mit vielen Bildern im Kopf und einer Menge Geschichten, die Sie auf dem Heimweg erz\u00e4hlen k\u00f6nnen.<\/p>\n<p style=\"text-align: center;\">Z\u00f6gern Sie nicht l\u00e4nger und schl\u00fcpfen Sie schnell in Ihren Overall!<\/p>\n<p style=\"text-align: center;\">Jonathan DOREZ, <a href=\"https:\/\/www.speleo-pyrenees.fr\/\" target=\"_blank\" rel=\"noopener\">Accro-Nature, das gemeinsame Abenteuer<\/a>, Mitglied des B\u00fcros Aventure Chlorophylle.<\/p>\n<p>[\/et_pb_text][\/et_pb_column][\/et_pb_row][\/et_pb_section]<\/p>","protected":false},"excerpt":{"rendered":"<p>Guide de sp\u00e9l\u00e9ologie, je vous emm\u00e8ne d\u00e9couvrir la beaut\u00e9 et les merveilles cach\u00e9es d&rsquo;un monde insoup\u00e7onn\u00e9 au coeur des Pyr\u00e9n\u00e9es Atlantiques. Pour cela, je vous propose de venir vivre une \u00ab\u00a0exp\u00e9rience sp\u00e9l\u00e9o\u00a0\u00bb dans l&rsquo;une des tr\u00e8s nombreuses grottes de la Vall\u00e9e d&rsquo;Ossau. A deux pas du village de R\u00e9b\u00e9nacq, au sud de Pau, elle se [&hellip;]<\/p>","protected":false},"author":3,"featured_media":266289,"comment_status":"closed","ping_status":"closed","sticky":false,"template":"","format":"standard","meta":{"_acf_changed":false,"_et_pb_use_builder":"on","_et_pb_old_content":"","_et_gb_content_width":"","inline_featured_image":false,"footnotes":""},"categories":[1],"tags":[],"class_list":["post-266271","post","type-post","status-publish","format-standard","has-post-thumbnail","hentry","category-blog"],"acf":[],"yoast_head":"<!-- This site is optimized with the Yoast SEO plugin v26.7 - https:\/\/yoast.com\/wordpress\/plugins\/seo\/ -->\n<title>Grotte de Balagu\u00e9 - Aventure Chlorophylle<\/title>\n<meta name=\"description\" content=\"Aventure Chlorophylle, le bureau des moniteurs de sports nature de la vall\u00e9e d&#039;Ossau dans les Pyr\u00e9n\u00e9es Atlantiques (64) : canyoning, rafting, sp\u00e9l\u00e9o, escalade\" \/>\n<meta name=\"robots\" content=\"index, follow, max-snippet:-1, max-image-preview:large, max-video-preview:-1\" \/>\n<link rel=\"canonical\" href=\"https:\/\/www.aventure-chlorophylle.com\/de\/grotte-de-balague\/\" \/>\n<meta property=\"og:locale\" content=\"de_DE\" \/>\n<meta property=\"og:type\" content=\"article\" \/>\n<meta property=\"og:title\" content=\"Grotte de Balagu\u00e9 - Aventure Chlorophylle\" \/>\n<meta property=\"og:description\" content=\"Aventure Chlorophylle, le bureau des moniteurs de sports nature de la vall\u00e9e d&#039;Ossau dans les Pyr\u00e9n\u00e9es Atlantiques (64) : canyoning, rafting, sp\u00e9l\u00e9o, escalade\" \/>\n<meta property=\"og:url\" content=\"https:\/\/www.aventure-chlorophylle.com\/de\/grotte-de-balague\/\" \/>\n<meta property=\"og:site_name\" content=\"Aventure Chlorophylle\" \/>\n<meta property=\"article:publisher\" content=\"https:\/\/www.facebook.com\/aventurechlorophylle\" \/>\n<meta property=\"article:published_time\" content=\"2022-07-11T12:53:55+00:00\" \/>\n<meta property=\"article:modified_time\" content=\"2022-07-11T12:54:02+00:00\" \/>\n<meta property=\"og:image\" content=\"https:\/\/www.aventure-chlorophylle.com\/wp-content\/uploads\/2022\/06\/2020-07-16-Jonathan-speleo-rebenacq-matin_1-scaled.jpg\" \/>\n\t<meta property=\"og:image:width\" content=\"2560\" \/>\n\t<meta property=\"og:image:height\" content=\"1920\" \/>\n\t<meta property=\"og:image:type\" content=\"image\/jpeg\" \/>\n<meta name=\"author\" content=\"Alex\" \/>\n<meta name=\"twitter:card\" content=\"summary_large_image\" \/>\n<meta name=\"twitter:label1\" content=\"Verfasst von\" \/>\n\t<meta name=\"twitter:data1\" content=\"Alex\" \/>\n\t<meta name=\"twitter:label2\" content=\"Gesch\u00e4tzte Lesezeit\" \/>\n\t<meta name=\"twitter:data2\" content=\"3\u00a0Minuten\" \/>\n<script type=\"application\/ld+json\" class=\"yoast-schema-graph\">{\"@context\":\"https:\/\/schema.org\",\"@graph\":[{\"@type\":\"Article\",\"@id\":\"https:\/\/www.aventure-chlorophylle.com\/grotte-de-balague\/#article\",\"isPartOf\":{\"@id\":\"https:\/\/www.aventure-chlorophylle.com\/grotte-de-balague\/\"},\"author\":{\"name\":\"Alex\",\"@id\":\"https:\/\/www.aventure-chlorophylle.com\/#\/schema\/person\/77e4da7f4c3c5be2ef2ce30a09863abe\"},\"headline\":\"Grotte de Balagu\u00e9\",\"datePublished\":\"2022-07-11T12:53:55+00:00\",\"dateModified\":\"2022-07-11T12:54:02+00:00\",\"mainEntityOfPage\":{\"@id\":\"https:\/\/www.aventure-chlorophylle.com\/grotte-de-balague\/\"},\"wordCount\":897,\"publisher\":{\"@id\":\"https:\/\/www.aventure-chlorophylle.com\/#organization\"},\"image\":{\"@id\":\"https:\/\/www.aventure-chlorophylle.com\/grotte-de-balague\/#primaryimage\"},\"thumbnailUrl\":\"https:\/\/www.aventure-chlorophylle.com\/wp-content\/uploads\/2022\/06\/2020-07-16-Jonathan-speleo-rebenacq-matin_1-scaled.jpg\",\"articleSection\":[\"Blog\"],\"inLanguage\":\"de\"},{\"@type\":\"WebPage\",\"@id\":\"https:\/\/www.aventure-chlorophylle.com\/grotte-de-balague\/\",\"url\":\"https:\/\/www.aventure-chlorophylle.com\/grotte-de-balague\/\",\"name\":\"Grotte de Balagu\u00e9 - Aventure Chlorophylle\",\"isPartOf\":{\"@id\":\"https:\/\/www.aventure-chlorophylle.com\/#website\"},\"primaryImageOfPage\":{\"@id\":\"https:\/\/www.aventure-chlorophylle.com\/grotte-de-balague\/#primaryimage\"},\"image\":{\"@id\":\"https:\/\/www.aventure-chlorophylle.com\/grotte-de-balague\/#primaryimage\"},\"thumbnailUrl\":\"https:\/\/www.aventure-chlorophylle.com\/wp-content\/uploads\/2022\/06\/2020-07-16-Jonathan-speleo-rebenacq-matin_1-scaled.jpg\",\"datePublished\":\"2022-07-11T12:53:55+00:00\",\"dateModified\":\"2022-07-11T12:54:02+00:00\",\"description\":\"Aventure Chlorophylle, le bureau des moniteurs de sports nature de la vall\u00e9e d'Ossau dans les Pyr\u00e9n\u00e9es Atlantiques (64) : canyoning, rafting, sp\u00e9l\u00e9o, escalade\",\"breadcrumb\":{\"@id\":\"https:\/\/www.aventure-chlorophylle.com\/grotte-de-balague\/#breadcrumb\"},\"inLanguage\":\"de\",\"potentialAction\":[{\"@type\":\"ReadAction\",\"target\":[\"https:\/\/www.aventure-chlorophylle.com\/grotte-de-balague\/\"]}]},{\"@type\":\"ImageObject\",\"inLanguage\":\"de\",\"@id\":\"https:\/\/www.aventure-chlorophylle.com\/grotte-de-balague\/#primaryimage\",\"url\":\"https:\/\/www.aventure-chlorophylle.com\/wp-content\/uploads\/2022\/06\/2020-07-16-Jonathan-speleo-rebenacq-matin_1-scaled.jpg\",\"contentUrl\":\"https:\/\/www.aventure-chlorophylle.com\/wp-content\/uploads\/2022\/06\/2020-07-16-Jonathan-speleo-rebenacq-matin_1-scaled.jpg\",\"width\":2560,\"height\":1920,\"caption\":\"sp\u00e9l\u00e9ologie vall\u00e9e d'ossau\"},{\"@type\":\"BreadcrumbList\",\"@id\":\"https:\/\/www.aventure-chlorophylle.com\/grotte-de-balague\/#breadcrumb\",\"itemListElement\":[{\"@type\":\"ListItem\",\"position\":1,\"name\":\"Accueil\",\"item\":\"https:\/\/www.aventure-chlorophylle.com\/\"},{\"@type\":\"ListItem\",\"position\":2,\"name\":\"Grotte de Balagu\u00e9\"}]},{\"@type\":\"WebSite\",\"@id\":\"https:\/\/www.aventure-chlorophylle.com\/#website\",\"url\":\"https:\/\/www.aventure-chlorophylle.com\/\",\"name\":\"Aventure Chlorophylle\",\"description\":\"Activit\u00e9s de Canyoning, rafting et sp\u00e9l\u00e9ologie dans les Pyr\u00e9n\u00e9es\",\"publisher\":{\"@id\":\"https:\/\/www.aventure-chlorophylle.com\/#organization\"},\"potentialAction\":[{\"@type\":\"SearchAction\",\"target\":{\"@type\":\"EntryPoint\",\"urlTemplate\":\"https:\/\/www.aventure-chlorophylle.com\/?s={search_term_string}\"},\"query-input\":{\"@type\":\"PropertyValueSpecification\",\"valueRequired\":true,\"valueName\":\"search_term_string\"}}],\"inLanguage\":\"de\"},{\"@type\":\"Organization\",\"@id\":\"https:\/\/www.aventure-chlorophylle.com\/#organization\",\"name\":\"Aventure Chlorophylle\",\"url\":\"https:\/\/www.aventure-chlorophylle.com\/\",\"logo\":{\"@type\":\"ImageObject\",\"inLanguage\":\"de\",\"@id\":\"https:\/\/www.aventure-chlorophylle.com\/#\/schema\/logo\/image\/\",\"url\":\"https:\/\/www.aventure-chlorophylle.com\/wp-content\/uploads\/2021\/04\/logo_aventure_chlorophylle.png\",\"contentUrl\":\"https:\/\/www.aventure-chlorophylle.com\/wp-content\/uploads\/2021\/04\/logo_aventure_chlorophylle.png\",\"width\":356,\"height\":392,\"caption\":\"Aventure Chlorophylle\"},\"image\":{\"@id\":\"https:\/\/www.aventure-chlorophylle.com\/#\/schema\/logo\/image\/\"},\"sameAs\":[\"https:\/\/www.facebook.com\/aventurechlorophylle\",\"https:\/\/www.instagram.com\/aventure_chlorophylle\/\"]},{\"@type\":\"Person\",\"@id\":\"https:\/\/www.aventure-chlorophylle.com\/#\/schema\/person\/77e4da7f4c3c5be2ef2ce30a09863abe\",\"name\":\"Alex\"}]}<\/script>\n<!-- \/ Yoast SEO plugin. -->","yoast_head_json":{"title":"Balagu\u00e9-H\u00f6hle - Abenteuer Chlorophylle","description":"Aventure Chlorophylle, das B\u00fcro der Natursportlehrer aus dem Ossautal in den Atlantischen Pyren\u00e4en (64): Canyoning, Rafting, H\u00f6hlenforschung, Klettern","robots":{"index":"index","follow":"follow","max-snippet":"max-snippet:-1","max-image-preview":"max-image-preview:large","max-video-preview":"max-video-preview:-1"},"canonical":"https:\/\/www.aventure-chlorophylle.com\/de\/grotte-de-balague\/","og_locale":"de_DE","og_type":"article","og_title":"Grotte de Balagu\u00e9 - Aventure Chlorophylle","og_description":"Aventure Chlorophylle, le bureau des moniteurs de sports nature de la vall\u00e9e d'Ossau dans les Pyr\u00e9n\u00e9es Atlantiques (64) : canyoning, rafting, sp\u00e9l\u00e9o, escalade","og_url":"https:\/\/www.aventure-chlorophylle.com\/de\/grotte-de-balague\/","og_site_name":"Aventure Chlorophylle","article_publisher":"https:\/\/www.facebook.com\/aventurechlorophylle","article_published_time":"2022-07-11T12:53:55+00:00","article_modified_time":"2022-07-11T12:54:02+00:00","og_image":[{"width":2560,"height":1920,"url":"https:\/\/www.aventure-chlorophylle.com\/wp-content\/uploads\/2022\/06\/2020-07-16-Jonathan-speleo-rebenacq-matin_1-scaled.jpg","type":"image\/jpeg"}],"author":"Alex","twitter_card":"summary_large_image","twitter_misc":{"Verfasst von":"Alex","Gesch\u00e4tzte Lesezeit":"3\u00a0Minuten"},"schema":{"@context":"https:\/\/schema.org","@graph":[{"@type":"Article","@id":"https:\/\/www.aventure-chlorophylle.com\/grotte-de-balague\/#article","isPartOf":{"@id":"https:\/\/www.aventure-chlorophylle.com\/grotte-de-balague\/"},"author":{"name":"Alex","@id":"https:\/\/www.aventure-chlorophylle.com\/#\/schema\/person\/77e4da7f4c3c5be2ef2ce30a09863abe"},"headline":"Grotte de Balagu\u00e9","datePublished":"2022-07-11T12:53:55+00:00","dateModified":"2022-07-11T12:54:02+00:00","mainEntityOfPage":{"@id":"https:\/\/www.aventure-chlorophylle.com\/grotte-de-balague\/"},"wordCount":897,"publisher":{"@id":"https:\/\/www.aventure-chlorophylle.com\/#organization"},"image":{"@id":"https:\/\/www.aventure-chlorophylle.com\/grotte-de-balague\/#primaryimage"},"thumbnailUrl":"https:\/\/www.aventure-chlorophylle.com\/wp-content\/uploads\/2022\/06\/2020-07-16-Jonathan-speleo-rebenacq-matin_1-scaled.jpg","articleSection":["Blog"],"inLanguage":"de"},{"@type":"WebPage","@id":"https:\/\/www.aventure-chlorophylle.com\/grotte-de-balague\/","url":"https:\/\/www.aventure-chlorophylle.com\/grotte-de-balague\/","name":"Balagu\u00e9-H\u00f6hle - Abenteuer Chlorophylle","isPartOf":{"@id":"https:\/\/www.aventure-chlorophylle.com\/#website"},"primaryImageOfPage":{"@id":"https:\/\/www.aventure-chlorophylle.com\/grotte-de-balague\/#primaryimage"},"image":{"@id":"https:\/\/www.aventure-chlorophylle.com\/grotte-de-balague\/#primaryimage"},"thumbnailUrl":"https:\/\/www.aventure-chlorophylle.com\/wp-content\/uploads\/2022\/06\/2020-07-16-Jonathan-speleo-rebenacq-matin_1-scaled.jpg","datePublished":"2022-07-11T12:53:55+00:00","dateModified":"2022-07-11T12:54:02+00:00","description":"Aventure Chlorophylle, das B\u00fcro der Natursportlehrer aus dem Ossautal in den Atlantischen Pyren\u00e4en (64): Canyoning, Rafting, H\u00f6hlenforschung, Klettern","breadcrumb":{"@id":"https:\/\/www.aventure-chlorophylle.com\/grotte-de-balague\/#breadcrumb"},"inLanguage":"de","potentialAction":[{"@type":"ReadAction","target":["https:\/\/www.aventure-chlorophylle.com\/grotte-de-balague\/"]}]},{"@type":"ImageObject","inLanguage":"de","@id":"https:\/\/www.aventure-chlorophylle.com\/grotte-de-balague\/#primaryimage","url":"https:\/\/www.aventure-chlorophylle.com\/wp-content\/uploads\/2022\/06\/2020-07-16-Jonathan-speleo-rebenacq-matin_1-scaled.jpg","contentUrl":"https:\/\/www.aventure-chlorophylle.com\/wp-content\/uploads\/2022\/06\/2020-07-16-Jonathan-speleo-rebenacq-matin_1-scaled.jpg","width":2560,"height":1920,"caption":"sp\u00e9l\u00e9ologie vall\u00e9e d'ossau"},{"@type":"BreadcrumbList","@id":"https:\/\/www.aventure-chlorophylle.com\/grotte-de-balague\/#breadcrumb","itemListElement":[{"@type":"ListItem","position":1,"name":"Accueil","item":"https:\/\/www.aventure-chlorophylle.com\/"},{"@type":"ListItem","position":2,"name":"Grotte de Balagu\u00e9"}]},{"@type":"WebSite","@id":"https:\/\/www.aventure-chlorophylle.com\/#website","url":"https:\/\/www.aventure-chlorophylle.com\/","name":"Abenteuer Chlorophyll","description":"Canyoning-, Rafting- und H\u00f6hlenforschungsaktivit\u00e4ten in den Pyren\u00e4en","publisher":{"@id":"https:\/\/www.aventure-chlorophylle.com\/#organization"},"potentialAction":[{"@type":"SearchAction","target":{"@type":"EntryPoint","urlTemplate":"https:\/\/www.aventure-chlorophylle.com\/?s={search_term_string}"},"query-input":{"@type":"PropertyValueSpecification","valueRequired":true,"valueName":"search_term_string"}}],"inLanguage":"de"},{"@type":"Organization","@id":"https:\/\/www.aventure-chlorophylle.com\/#organization","name":"Abenteuer Chlorophyll","url":"https:\/\/www.aventure-chlorophylle.com\/","logo":{"@type":"ImageObject","inLanguage":"de","@id":"https:\/\/www.aventure-chlorophylle.com\/#\/schema\/logo\/image\/","url":"https:\/\/www.aventure-chlorophylle.com\/wp-content\/uploads\/2021\/04\/logo_aventure_chlorophylle.png","contentUrl":"https:\/\/www.aventure-chlorophylle.com\/wp-content\/uploads\/2021\/04\/logo_aventure_chlorophylle.png","width":356,"height":392,"caption":"Aventure Chlorophylle"},"image":{"@id":"https:\/\/www.aventure-chlorophylle.com\/#\/schema\/logo\/image\/"},"sameAs":["https:\/\/www.facebook.com\/aventurechlorophylle","https:\/\/www.instagram.com\/aventure_chlorophylle\/"]},{"@type":"Person","@id":"https:\/\/www.aventure-chlorophylle.com\/#\/schema\/person\/77e4da7f4c3c5be2ef2ce30a09863abe","name":"Alex"}]}},"_links":{"self":[{"href":"https:\/\/www.aventure-chlorophylle.com\/de\/wp-json\/wp\/v2\/posts\/266271","targetHints":{"allow":["GET"]}}],"collection":[{"href":"https:\/\/www.aventure-chlorophylle.com\/de\/wp-json\/wp\/v2\/posts"}],"about":[{"href":"https:\/\/www.aventure-chlorophylle.com\/de\/wp-json\/wp\/v2\/types\/post"}],"author":[{"embeddable":true,"href":"https:\/\/www.aventure-chlorophylle.com\/de\/wp-json\/wp\/v2\/users\/3"}],"replies":[{"embeddable":true,"href":"https:\/\/www.aventure-chlorophylle.com\/de\/wp-json\/wp\/v2\/comments?post=266271"}],"version-history":[{"count":3,"href":"https:\/\/www.aventure-chlorophylle.com\/de\/wp-json\/wp\/v2\/posts\/266271\/revisions"}],"predecessor-version":[{"id":266422,"href":"https:\/\/www.aventure-chlorophylle.com\/de\/wp-json\/wp\/v2\/posts\/266271\/revisions\/266422"}],"wp:featuredmedia":[{"embeddable":true,"href":"https:\/\/www.aventure-chlorophylle.com\/de\/wp-json\/wp\/v2\/media\/266289"}],"wp:attachment":[{"href":"https:\/\/www.aventure-chlorophylle.com\/de\/wp-json\/wp\/v2\/media?parent=266271"}],"wp:term":[{"taxonomy":"category","embeddable":true,"href":"https:\/\/www.aventure-chlorophylle.com\/de\/wp-json\/wp\/v2\/categories?post=266271"},{"taxonomy":"post_tag","embeddable":true,"href":"https:\/\/www.aventure-chlorophylle.com\/de\/wp-json\/wp\/v2\/tags?post=266271"}],"curies":[{"name":"wp","href":"https:\/\/api.w.org\/{rel}","templated":true}]}}