{"id":265491,"date":"2022-01-28T18:00:21","date_gmt":"2022-01-28T17:00:21","guid":{"rendered":"https:\/\/www.aventure-chlorophylle.com\/?p=265491"},"modified":"2022-04-01T14:58:33","modified_gmt":"2022-04-01T12:58:33","slug":"via-cordata-du-hourat-a-laruns","status":"publish","type":"post","link":"https:\/\/www.aventure-chlorophylle.com\/es\/via-cordata-du-hourat-a-laruns\/","title":{"rendered":"La Hourat via cordata en Laruns"},"content":{"rendered":"<p>[et_pb_section fb_built=\u00a0\u00bb1&Prime; _builder_version=\u00a0\u00bb4.11.2&Prime; _module_preset=\u00a0\u00bbdefault\u00a0\u00bb global_colors_info=\u00a0\u00bb{}\u00a0\u00bb][et_pb_row _builder_version=\u00a0\u00bb4.14.7&Prime; _module_preset=\u00a0\u00bbdefault\u00a0\u00bb custom_margin=\u00a0\u00bb||||false|false\u00a0\u00bb global_colors_info=\u00a0\u00bb{}\u00a0\u00bb][et_pb_column type=\u00a0\u00bb4_4&Prime; _builder_version=\u00a0\u00bb4.11.2&Prime; _module_preset=\u00a0\u00bbdefault\u00a0\u00bb global_colors_info=\u00a0\u00bb{}\u00a0\u00bb][et_pb_text admin_label=\u00a0\u00bbUn parcours hors du commun \u00e0 deux pas du centre de Laruns.\u00a0\u00bb _builder_version=\u00a0\u00bb4.14.7&Prime; _module_preset=\u00a0\u00bbdefault\u00a0\u00bb global_colors_info=\u00a0\u00bb{}\u00a0\u00bb]<\/p>\n<h2 style=\"text-align: center;\">Un recorrido ins\u00f3lito a dos pasos del centro de Laruns.<\/h2>\n<p>[\/et_pb_text][\/et_pb_column][\/et_pb_row][et_pb_row column_structure=\u00a0\u00bb1_2,1_2&Prime; _builder_version=\u00a0\u00bb4.14.7&Prime; _module_preset=\u00a0\u00bbdefault\u00a0\u00bb custom_margin=\u00a0\u00bb50px||||false|false\u00a0\u00bb global_colors_info=\u00a0\u00bb{}\u00a0\u00bb][et_pb_column type=\u00a0\u00bb1_2&Prime; _builder_version=\u00a0\u00bb4.11.2&Prime; _module_preset=\u00a0\u00bbdefault\u00a0\u00bb global_colors_info=\u00a0\u00bb{}\u00a0\u00bb][et_pb_image src=\u00a0\u00bbhttps:\/\/www.aventure-chlorophylle.com\/wp-content\/uploads\/2021\/10\/via-corda-du-Hourat.jpg\u00a0\u00bb alt=\u00a0\u00bbPont de singe dans la gorge du Hourat (via corda, Laruns)\u00a0\u00bb title_text=\u00a0\u00bbPont de singe \u00e0 Laruns\u00a0\u00bb module_class=\u00a0\u00bbmsk-1&Prime; _builder_version=\u00a0\u00bb4.11.2&Prime; _module_preset=\u00a0\u00bbdefault\u00a0\u00bb global_colors_info=\u00a0\u00bb{}\u00a0\u00bb][\/et_pb_image][\/et_pb_column][et_pb_column type=\u00a0\u00bb1_2&Prime; _builder_version=\u00a0\u00bb4.11.2&Prime; _module_preset=\u00a0\u00bbdefault\u00a0\u00bb global_colors_info=\u00a0\u00bb{}\u00a0\u00bb][et_pb_text admin_label=\u00a0\u00bbUne via corda sui surplombe le gave d&rsquo;Ossau \u00e0 Laruns\u00a0\u00bb _builder_version=\u00a0\u00bb4.14.7&Prime; _module_preset=\u00a0\u00bbdefault\u00a0\u00bb custom_margin=\u00a0\u00bb20px||||false|false\u00a0\u00bb global_colors_info=\u00a0\u00bb{}\u00a0\u00bb]<\/p>\n<h3 style=\"text-align: center;\">Una v\u00eda cordata en el coraz\u00f3n de las gargantas del Hourat<\/h3>\n<p style=\"text-align: justify;\">Despu\u00e9s de pasar por Laruns, t\u00edpico pueblo pastoril del valle de Ossau, si contin\u00faa por la carretera hacia Espa\u00f1a por el <strong>Paso de Pourtalet<\/strong>no dejar\u00e1s de ver <strong>las gargantas de Hourat<\/strong>donde se encuentra la via cordata. Los acantilados calc\u00e1reos de m\u00e1s de 80 metros que sobresalen del Gave d'Ossau lo convierten en un lugar extraordinario que no debe perderse si desea descubrir el <strong>valle<\/strong> <strong>d'Ossau<\/strong> \u00a1desde todos los \u00e1ngulos! El recorrido de tirolina en <a href=\"https:\/\/www.larunsaventures.com\/\" target=\"_blank\" rel=\"noopener\">Laruns Aventure<\/a> marca el inicio de estos desfiladeros.<\/p>\n<p style=\"text-align: justify;\">Este acantilado es bien conocido por <strong>escaladores locales<\/strong> alberga v\u00edas de escalada de uno a tres largos, de 5b a 8a+. La roca, compacta y adherente, evoca los lugares de escalada de Arag\u00f3n o Catalu\u00f1a. Pero \u00e9ste no es el tema de este art\u00edculo, ya que el <a href=\"https:\/\/www.aventure-chlorophylle.com\/es\/producto\/via-cordata\/\" target=\"_blank\" rel=\"noopener\">v\u00eda corda<\/a>Aunque es similar a una ruta de escalada, sigue siendo muy asequible y no requiere <strong>sin habilidades especiales<\/strong>Pero, \u00a1qu\u00e9 diablos! Tu gu\u00eda de escalada te equipar\u00e1 con un casco, un arn\u00e9s, mosquetones y cuerdas dobles. Escuchar con atenci\u00f3n<br \/>en <strong>normas de seguridad<\/strong> le permite embarcarse en esta aventura con toda tranquilidad.<\/p>\n<p>&nbsp;<\/p>\n<p>[\/et_pb_text][\/et_pb_column][\/et_pb_row][et_pb_row column_structure=\u00a0\u00bb3_5,2_5&Prime; _builder_version=\u00a0\u00bb4.14.7&Prime; _module_preset=\u00a0\u00bbdefault\u00a0\u00bb custom_margin=\u00a0\u00bb50px||||false|false\u00a0\u00bb global_colors_info=\u00a0\u00bb{}\u00a0\u00bb][et_pb_column type=\u00a0\u00bb3_5&Prime; _builder_version=\u00a0\u00bb4.11.2&Prime; _module_preset=\u00a0\u00bbdefault\u00a0\u00bb global_colors_info=\u00a0\u00bb{}\u00a0\u00bb][et_pb_text admin_label=\u00a0\u00bbUne travers\u00e9e \u00e0 flan de falaise\u00a0\u00bb _builder_version=\u00a0\u00bb4.14.7&Prime; _module_preset=\u00a0\u00bbdefault\u00a0\u00bb global_colors_info=\u00a0\u00bb{}\u00a0\u00bb]<\/p>\n<h3 style=\"text-align: center;\">Una traves\u00eda de acantilado a la manera de un grupo de cordada de alpinismo<\/h3>\n<p style=\"text-align: justify;\">\u00a0<\/p>\n<p style=\"text-align: justify;\">El inicio de la ruta es el acceso a este lugar de escalada. A <strong>cuerda fija<\/strong> permite progresar m\u00e1s f\u00e1cilmente hacia las primeras v\u00edas de escalada. El itinerario sigue las zonas rocosas con presas f\u00e1ciles, as\u00ed como las peque\u00f1as cornisas conocidas en la jerga como \"virettes\". No es necesario calzarse ya que la dificultad no supera 4b.... Sin embargo, se encordar\u00e1 a la manera de un <strong>telef\u00e9rico de monta\u00f1a<\/strong> para garantizar la seguridad de todos. Tu gu\u00eda podr\u00e1 ayudarte o aconsejarte para que progreses m\u00e1s f\u00e1cilmente. Y s\u00ed, \u00a1desde el principio estamos a m\u00e1s de 40 metros del suelo! Tras unos 45 minutos de traves\u00eda por la pared del acantilado y un breve descenso en r\u00e1pel, llegamos a lo que se denomina el <strong>primera caracola<\/strong>. Es una especie de cueva que invita a tomarse un respiro. Una gran terraza suspendida le permite relajarse unos instantes y contemplar las v\u00edas de escalada que sobresalen justo por encima de usted.<\/p>\n<p>[\/et_pb_text][\/et_pb_column][et_pb_column type=\u00a0\u00bb2_5&Prime; _builder_version=\u00a0\u00bb4.11.2&Prime; _module_preset=\u00a0\u00bbdefault\u00a0\u00bb global_colors_info=\u00a0\u00bb{}\u00a0\u00bb][et_pb_image src=\u00a0\u00bbhttps:\/\/www.aventure-chlorophylle.com\/wp-content\/uploads\/2021\/10\/via-corda-du-Hourat-2.jpg\u00a0\u00bb alt=\u00a0\u00bbVia corda du Hourat dans les Pyr\u00e9n\u00e9es Atlantiques avec Aventure Chlorophylle\u00a0\u00bb title_text=\u00a0\u00bbvia corda du Hourrat laruns\u00a0\u00bb module_class=\u00a0\u00bbmsk-1&Prime; _builder_version=\u00a0\u00bb4.11.2&Prime; _module_preset=\u00a0\u00bbdefault\u00a0\u00bb global_colors_info=\u00a0\u00bb{}\u00a0\u00bb][\/et_pb_image][\/et_pb_column][\/et_pb_row][et_pb_row _builder_version=\u00a0\u00bb4.14.7&Prime; _module_preset=\u00a0\u00bbdefault\u00a0\u00bb custom_margin=\u00a0\u00bb50px||||false|false\u00a0\u00bb global_colors_info=\u00a0\u00bb{}\u00a0\u00bb][et_pb_column type=\u00a0\u00bb4_4&Prime; _builder_version=\u00a0\u00bb4.14.7&Prime; _module_preset=\u00a0\u00bbdefault\u00a0\u00bb global_colors_info=\u00a0\u00bb{}\u00a0\u00bb][et_pb_text _builder_version=\u00a0\u00bb4.14.7&Prime; _module_preset=\u00a0\u00bbdefault\u00a0\u00bb global_colors_info=\u00a0\u00bb{}\u00a0\u00bb]<\/p>\n<h3 style=\"text-align: center;\">La via corda de Hourat: una oportunidad privilegiada para observar la naturaleza pirenaica<\/h3>\n<p>[\/et_pb_text][\/et_pb_column][\/et_pb_row][et_pb_row column_structure=\u00a0\u00bb1_4,1_2,1_4&Prime; _builder_version=\u00a0\u00bb4.14.7&Prime; _module_preset=\u00a0\u00bbdefault\u00a0\u00bb custom_margin=\u00a0\u00bb50px||||false|false\u00a0\u00bb global_colors_info=\u00a0\u00bb{}\u00a0\u00bb][et_pb_column type=\u00a0\u00bb1_4&Prime; _builder_version=\u00a0\u00bb4.11.2&Prime; _module_preset=\u00a0\u00bbdefault\u00a0\u00bb global_colors_info=\u00a0\u00bb{}\u00a0\u00bb][et_pb_image src=\u00a0\u00bbhttps:\/\/www.aventure-chlorophylle.com\/wp-content\/uploads\/2021\/10\/orchidee-sauvage-dans-la-via-du-hourat.jpg\u00a0\u00bb alt=\u00a0\u00bbvia corda du Hourrat en vall\u00e9e d&rsquo;Ossau\u00a0\u00bb title_text=\u00a0\u00bbvia corda du Hourrat laruns\u00a0\u00bb module_class=\u00a0\u00bbmsk-1&Prime; _builder_version=\u00a0\u00bb4.11.2&Prime; _module_preset=\u00a0\u00bbdefault\u00a0\u00bb global_colors_info=\u00a0\u00bb{}\u00a0\u00bb][\/et_pb_image][\/et_pb_column][et_pb_column type=\u00a0\u00bb1_2&Prime; _builder_version=\u00a0\u00bb4.11.2&Prime; _module_preset=\u00a0\u00bbdefault\u00a0\u00bb global_colors_info=\u00a0\u00bb{}\u00a0\u00bb][et_pb_text admin_label=\u00a0\u00bbUne via corda : occasion privil\u00e9gi\u00e9e pour observer la nature pyr\u00e9n\u00e9enne\u00a0\u00bb _builder_version=\u00a0\u00bb4.14.7&Prime; _module_preset=\u00a0\u00bbdefault\u00a0\u00bb global_colors_info=\u00a0\u00bb{}\u00a0\u00bb]<\/p>\n<p style=\"text-align: center;\">La v\u00eda corda contin\u00faa por un estrecho sendero hasta los puentes de los monos. Los cables tendidos entre los dos lados de este desfiladero permiten <strong>cruzando el Gave<\/strong> y sus tumultuosas aguas. Algunos <strong>trucha<\/strong><br \/><strong>fario<\/strong> han fijado su residencia en estas pozas poco frecuentadas.... A continuaci\u00f3n, llegamos a la segunda concha para hacer una segunda pausa y dedicar tiempo a observar la vegetaci\u00f3n tan especial de este <strong>jard\u00edn<\/strong><br \/><strong>suspendido<\/strong>. En <strong>plantas carn\u00edvoras<\/strong> como el peque\u00f1o cardo cerda junto al gran Epipactis (izquierda), <strong>orqu\u00eddeas raras<\/strong> (orqu\u00eddeas silvestres a la derecha) que muestran sus colores viol\u00e1ceos a quien quiera verlas.<\/p>\n<p>[\/et_pb_text][\/et_pb_column][et_pb_column type=\u00a0\u00bb1_4&Prime; _builder_version=\u00a0\u00bb4.11.2&Prime; _module_preset=\u00a0\u00bbdefault\u00a0\u00bb global_colors_info=\u00a0\u00bb{}\u00a0\u00bb][et_pb_image src=\u00a0\u00bbhttps:\/\/www.aventure-chlorophylle.com\/wp-content\/uploads\/2021\/10\/Epipactis-helleborine.jpg\u00a0\u00bb alt=\u00a0\u00bbEpipactis helleborine dans la gorge du Hourat \u00e0 1h de Pau\u00a0\u00bb title_text=\u00a0\u00bbvia corda du Hourrat laruns\u00a0\u00bb module_class=\u00a0\u00bbm\u00a0\u00bb _builder_version=\u00a0\u00bb4.11.2&Prime; _module_preset=\u00a0\u00bbdefault\u00a0\u00bb global_colors_info=\u00a0\u00bb{}\u00a0\u00bb][\/et_pb_image][\/et_pb_column][\/et_pb_row][et_pb_row _builder_version=\u00a0\u00bb4.14.7&Prime; _module_preset=\u00a0\u00bbdefault\u00a0\u00bb custom_margin=\u00a0\u00bb50px||||false|false\u00a0\u00bb global_colors_info=\u00a0\u00bb{}\u00a0\u00bb][et_pb_column type=\u00a0\u00bb4_4&Prime; _builder_version=\u00a0\u00bb4.11.2&Prime; _module_preset=\u00a0\u00bbdefault\u00a0\u00bb global_colors_info=\u00a0\u00bb{}\u00a0\u00bb][et_pb_text admin_label=\u00a0\u00bbLe clou du spectacle : une ascension de 80m d&rsquo;escalade tr\u00e8s facile\u00a0\u00bb _builder_version=\u00a0\u00bb4.14.7&Prime; _module_preset=\u00a0\u00bbdefault\u00a0\u00bb global_colors_info=\u00a0\u00bb{}\u00a0\u00bb]<\/p>\n<h3>El punto culminante del espect\u00e1culo: una subida muy f\u00e1cil de 80 metros<\/h3>\n<p>&nbsp;<\/p>\n<p style=\"text-align: center;\">Llegamos a la \u00faltima parte de esta ruta y es la <strong>clavo de la<\/strong> <strong>Mostrar<\/strong> el ascenso vertical del <strong>80 metros<\/strong> No te preocupes, la escalada, aunque a\u00e9rea, sigue siendo muy f\u00e1cil.<br \/>Asistido por su gu\u00eda, pasar\u00e1 por las tres etapas de este<strong> pared vertical<\/strong> para llegar a la cima del acantilado. <strong>La vista es espl\u00e9ndida<\/strong> y podr\u00e1 disfrutar de la sensaci\u00f3n de haber escalado una ruta de escalada. El regreso a los veh\u00edculos se hace en quince minutos por un camino f\u00e1cil.<\/p>\n<p>[\/et_pb_text][et_pb_image src=\u00a0\u00bbhttps:\/\/www.aventure-chlorophylle.com\/wp-content\/uploads\/2021\/10\/dessescalade-dans-la-via-corda-du-Hourat-a-Laruns.jpg\u00a0\u00bb alt=\u00a0\u00bbVia Corda du Hourat \u00e0 Laruns (64)\u00a0\u00bb title_text=\u00a0\u00bbRappel au Hourat\u00a0\u00bb module_class=\u00a0\u00bbmsk-1&Prime; _builder_version=\u00a0\u00bb4.14.7&Prime; _module_preset=\u00a0\u00bbdefault\u00a0\u00bb global_colors_info=\u00a0\u00bb{}\u00a0\u00bb][\/et_pb_image][et_pb_text admin_label=\u00a0\u00bb&#8230;Un itin\u00e9raire sensationnel, ludique et vari\u00e9, \u00e0 d\u00e9couvrir absolument!!\u00a0\u00bb _builder_version=\u00a0\u00bb4.14.7&Prime; _module_preset=\u00a0\u00bbdefault\u00a0\u00bb global_colors_info=\u00a0\u00bb{}\u00a0\u00bb]<\/p>\n<h3 style=\"text-align: center;\">...Un itinerario sensacional, l\u00fadico y variado, \u00a1a descubrir absolutamente!<\/h3>\n<p>[\/et_pb_text][et_pb_text admin_label=\u00a0\u00bb\u00c9crit le 16\/10\/2021 par Johan Fontvieille, moniteur escalade et canyoning \u00e0 Aventure Chlorophylle\u00a0\u00bb _builder_version=\u00a0\u00bb4.14.8&Prime; _module_preset=\u00a0\u00bbdefault\u00a0\u00bb hover_enabled=\u00a0\u00bb0&Prime; global_colors_info=\u00a0\u00bb{}\u00a0\u00bb sticky_enabled=\u00a0\u00bb0&Prime;]<\/p>\n<p>Escrito el 16\/10\/2021 por Johan Fontvieille, <a href=\"https:\/\/www.pyrenees-verticales.com\/\" target=\"_blank\" rel=\"noopener\">Arke<\/a>Monitor de escalada y barranquismo en Aventure Chlorophylle.<\/p>\n<p>[\/et_pb_text][\/et_pb_column][\/et_pb_row][\/et_pb_section]<\/p>","protected":false},"excerpt":{"rendered":"<p>Un parcours hors du commun \u00e0 deux pas du centre de Laruns.Une via cordata au c\u0153ur des gorges du Hourat Apr\u00e8s avoir travers\u00e9 Laruns, ce village pastoral typique de la vall\u00e9e d&rsquo;Ossau, si vous continuez la route en direction de l\u2019Espagne par le col du Pourtalet, vous ne manquerez pas d\u2019apercevoir les gorges du Hourat, [&hellip;]<\/p>","protected":false},"author":3,"featured_media":263261,"comment_status":"closed","ping_status":"closed","sticky":false,"template":"","format":"standard","meta":{"_acf_changed":false,"_et_pb_use_builder":"on","_et_pb_old_content":"","_et_gb_content_width":"","inline_featured_image":false,"footnotes":""},"categories":[1],"tags":[],"class_list":["post-265491","post","type-post","status-publish","format-standard","has-post-thumbnail","hentry","category-blog"],"acf":[],"yoast_head":"<!-- This site is optimized with the Yoast SEO plugin v26.7 - https:\/\/yoast.com\/wordpress\/plugins\/seo\/ -->\n<title>Via cordata | Laruns - Vall\u00e9e d&#039;Ossau | Pyr\u00e9n\u00e9es Atlantiques<\/title>\n<meta name=\"description\" content=\"La via cordata du Hourat, au d\u00e9part de Laruns, en vall\u00e9e d&#039;Ossau ( Pyr\u00e9n\u00e9es Atlantiques) encadr\u00e9e par les moniteurs d&#039;Aventure Chlorophylle\" \/>\n<meta name=\"robots\" content=\"index, follow, max-snippet:-1, max-image-preview:large, max-video-preview:-1\" \/>\n<link rel=\"canonical\" href=\"https:\/\/www.aventure-chlorophylle.com\/es\/via-cordata-du-hourat-a-laruns\/\" \/>\n<meta property=\"og:locale\" content=\"es_ES\" \/>\n<meta property=\"og:type\" content=\"article\" \/>\n<meta property=\"og:title\" content=\"Via cordata | Laruns - Vall\u00e9e d&#039;Ossau | Pyr\u00e9n\u00e9es Atlantiques\" \/>\n<meta property=\"og:description\" content=\"La via cordata du Hourat, au d\u00e9part de Laruns, en vall\u00e9e d&#039;Ossau ( Pyr\u00e9n\u00e9es Atlantiques) encadr\u00e9e par les moniteurs d&#039;Aventure Chlorophylle\" \/>\n<meta property=\"og:url\" content=\"https:\/\/www.aventure-chlorophylle.com\/es\/via-cordata-du-hourat-a-laruns\/\" \/>\n<meta property=\"og:site_name\" content=\"Aventure Chlorophylle\" \/>\n<meta property=\"article:publisher\" content=\"https:\/\/www.facebook.com\/aventurechlorophylle\" \/>\n<meta property=\"article:published_time\" content=\"2022-01-28T17:00:21+00:00\" \/>\n<meta property=\"article:modified_time\" content=\"2022-04-01T12:58:33+00:00\" \/>\n<meta property=\"og:image\" content=\"https:\/\/www.aventure-chlorophylle.com\/wp-content\/uploads\/2021\/06\/activite_via_cordata_du_hourat_6.jpg\" \/>\n\t<meta property=\"og:image:width\" content=\"1440\" \/>\n\t<meta property=\"og:image:height\" content=\"1080\" \/>\n\t<meta property=\"og:image:type\" content=\"image\/jpeg\" \/>\n<meta name=\"author\" content=\"Alex\" \/>\n<meta name=\"twitter:card\" content=\"summary_large_image\" \/>\n<meta name=\"twitter:label1\" content=\"Escrito por\" \/>\n\t<meta name=\"twitter:data1\" content=\"Alex\" \/>\n<script type=\"application\/ld+json\" class=\"yoast-schema-graph\">{\"@context\":\"https:\/\/schema.org\",\"@graph\":[{\"@type\":\"Article\",\"@id\":\"https:\/\/www.aventure-chlorophylle.com\/via-cordata-du-hourat-a-laruns\/#article\",\"isPartOf\":{\"@id\":\"https:\/\/www.aventure-chlorophylle.com\/via-cordata-du-hourat-a-laruns\/\"},\"author\":{\"name\":\"Alex\",\"@id\":\"https:\/\/www.aventure-chlorophylle.com\/#\/schema\/person\/77e4da7f4c3c5be2ef2ce30a09863abe\"},\"headline\":\"La via cordata du Hourat \u00e0 Laruns\",\"datePublished\":\"2022-01-28T17:00:21+00:00\",\"dateModified\":\"2022-04-01T12:58:33+00:00\",\"mainEntityOfPage\":{\"@id\":\"https:\/\/www.aventure-chlorophylle.com\/via-cordata-du-hourat-a-laruns\/\"},\"wordCount\":1389,\"publisher\":{\"@id\":\"https:\/\/www.aventure-chlorophylle.com\/#organization\"},\"image\":{\"@id\":\"https:\/\/www.aventure-chlorophylle.com\/via-cordata-du-hourat-a-laruns\/#primaryimage\"},\"thumbnailUrl\":\"https:\/\/www.aventure-chlorophylle.com\/wp-content\/uploads\/2021\/06\/activite_via_cordata_du_hourat_6.jpg\",\"articleSection\":[\"Blog\"],\"inLanguage\":\"es\"},{\"@type\":\"WebPage\",\"@id\":\"https:\/\/www.aventure-chlorophylle.com\/via-cordata-du-hourat-a-laruns\/\",\"url\":\"https:\/\/www.aventure-chlorophylle.com\/via-cordata-du-hourat-a-laruns\/\",\"name\":\"Via cordata | Laruns - Vall\u00e9e d'Ossau | Pyr\u00e9n\u00e9es Atlantiques\",\"isPartOf\":{\"@id\":\"https:\/\/www.aventure-chlorophylle.com\/#website\"},\"primaryImageOfPage\":{\"@id\":\"https:\/\/www.aventure-chlorophylle.com\/via-cordata-du-hourat-a-laruns\/#primaryimage\"},\"image\":{\"@id\":\"https:\/\/www.aventure-chlorophylle.com\/via-cordata-du-hourat-a-laruns\/#primaryimage\"},\"thumbnailUrl\":\"https:\/\/www.aventure-chlorophylle.com\/wp-content\/uploads\/2021\/06\/activite_via_cordata_du_hourat_6.jpg\",\"datePublished\":\"2022-01-28T17:00:21+00:00\",\"dateModified\":\"2022-04-01T12:58:33+00:00\",\"description\":\"La via cordata du Hourat, au d\u00e9part de Laruns, en vall\u00e9e d'Ossau ( Pyr\u00e9n\u00e9es Atlantiques) encadr\u00e9e par les moniteurs d'Aventure Chlorophylle\",\"breadcrumb\":{\"@id\":\"https:\/\/www.aventure-chlorophylle.com\/via-cordata-du-hourat-a-laruns\/#breadcrumb\"},\"inLanguage\":\"es\",\"potentialAction\":[{\"@type\":\"ReadAction\",\"target\":[\"https:\/\/www.aventure-chlorophylle.com\/via-cordata-du-hourat-a-laruns\/\"]}]},{\"@type\":\"ImageObject\",\"inLanguage\":\"es\",\"@id\":\"https:\/\/www.aventure-chlorophylle.com\/via-cordata-du-hourat-a-laruns\/#primaryimage\",\"url\":\"https:\/\/www.aventure-chlorophylle.com\/wp-content\/uploads\/2021\/06\/activite_via_cordata_du_hourat_6.jpg\",\"contentUrl\":\"https:\/\/www.aventure-chlorophylle.com\/wp-content\/uploads\/2021\/06\/activite_via_cordata_du_hourat_6.jpg\",\"width\":1440,\"height\":1080,\"caption\":\"Via cordata du hourat dans le B\u00e9arn en vall\u00e9e d'Ossau\"},{\"@type\":\"BreadcrumbList\",\"@id\":\"https:\/\/www.aventure-chlorophylle.com\/via-cordata-du-hourat-a-laruns\/#breadcrumb\",\"itemListElement\":[{\"@type\":\"ListItem\",\"position\":1,\"name\":\"Accueil\",\"item\":\"https:\/\/www.aventure-chlorophylle.com\/\"},{\"@type\":\"ListItem\",\"position\":2,\"name\":\"La via cordata du Hourat \u00e0 Laruns\"}]},{\"@type\":\"WebSite\",\"@id\":\"https:\/\/www.aventure-chlorophylle.com\/#website\",\"url\":\"https:\/\/www.aventure-chlorophylle.com\/\",\"name\":\"Aventure Chlorophylle\",\"description\":\"Activit\u00e9s de Canyoning, rafting et sp\u00e9l\u00e9ologie dans les Pyr\u00e9n\u00e9es\",\"publisher\":{\"@id\":\"https:\/\/www.aventure-chlorophylle.com\/#organization\"},\"potentialAction\":[{\"@type\":\"SearchAction\",\"target\":{\"@type\":\"EntryPoint\",\"urlTemplate\":\"https:\/\/www.aventure-chlorophylle.com\/?s={search_term_string}\"},\"query-input\":{\"@type\":\"PropertyValueSpecification\",\"valueRequired\":true,\"valueName\":\"search_term_string\"}}],\"inLanguage\":\"es\"},{\"@type\":\"Organization\",\"@id\":\"https:\/\/www.aventure-chlorophylle.com\/#organization\",\"name\":\"Aventure Chlorophylle\",\"url\":\"https:\/\/www.aventure-chlorophylle.com\/\",\"logo\":{\"@type\":\"ImageObject\",\"inLanguage\":\"es\",\"@id\":\"https:\/\/www.aventure-chlorophylle.com\/#\/schema\/logo\/image\/\",\"url\":\"https:\/\/www.aventure-chlorophylle.com\/wp-content\/uploads\/2021\/04\/logo_aventure_chlorophylle.png\",\"contentUrl\":\"https:\/\/www.aventure-chlorophylle.com\/wp-content\/uploads\/2021\/04\/logo_aventure_chlorophylle.png\",\"width\":356,\"height\":392,\"caption\":\"Aventure Chlorophylle\"},\"image\":{\"@id\":\"https:\/\/www.aventure-chlorophylle.com\/#\/schema\/logo\/image\/\"},\"sameAs\":[\"https:\/\/www.facebook.com\/aventurechlorophylle\",\"https:\/\/www.instagram.com\/aventure_chlorophylle\/\"]},{\"@type\":\"Person\",\"@id\":\"https:\/\/www.aventure-chlorophylle.com\/#\/schema\/person\/77e4da7f4c3c5be2ef2ce30a09863abe\",\"name\":\"Alex\"}]}<\/script>\n<!-- \/ Yoast SEO plugin. -->","yoast_head_json":{"title":"Via cordata | Laruns - Valle de Ossau | Pirineos Atl\u00e1nticos","description":"La v\u00eda cordata de Hourat, de Laruns, en el valle de Ossau (Pirineos Atl\u00e1nticos) supervisada por los monitores de Aventure Chlorophylle.","robots":{"index":"index","follow":"follow","max-snippet":"max-snippet:-1","max-image-preview":"max-image-preview:large","max-video-preview":"max-video-preview:-1"},"canonical":"https:\/\/www.aventure-chlorophylle.com\/es\/via-cordata-du-hourat-a-laruns\/","og_locale":"es_ES","og_type":"article","og_title":"Via cordata | Laruns - Vall\u00e9e d'Ossau | Pyr\u00e9n\u00e9es Atlantiques","og_description":"La via cordata du Hourat, au d\u00e9part de Laruns, en vall\u00e9e d'Ossau ( Pyr\u00e9n\u00e9es Atlantiques) encadr\u00e9e par les moniteurs d'Aventure Chlorophylle","og_url":"https:\/\/www.aventure-chlorophylle.com\/es\/via-cordata-du-hourat-a-laruns\/","og_site_name":"Aventure Chlorophylle","article_publisher":"https:\/\/www.facebook.com\/aventurechlorophylle","article_published_time":"2022-01-28T17:00:21+00:00","article_modified_time":"2022-04-01T12:58:33+00:00","og_image":[{"width":1440,"height":1080,"url":"https:\/\/www.aventure-chlorophylle.com\/wp-content\/uploads\/2021\/06\/activite_via_cordata_du_hourat_6.jpg","type":"image\/jpeg"}],"author":"Alex","twitter_card":"summary_large_image","twitter_misc":{"Escrito por":"Alex"},"schema":{"@context":"https:\/\/schema.org","@graph":[{"@type":"Article","@id":"https:\/\/www.aventure-chlorophylle.com\/via-cordata-du-hourat-a-laruns\/#article","isPartOf":{"@id":"https:\/\/www.aventure-chlorophylle.com\/via-cordata-du-hourat-a-laruns\/"},"author":{"name":"Alex","@id":"https:\/\/www.aventure-chlorophylle.com\/#\/schema\/person\/77e4da7f4c3c5be2ef2ce30a09863abe"},"headline":"La via cordata du Hourat \u00e0 Laruns","datePublished":"2022-01-28T17:00:21+00:00","dateModified":"2022-04-01T12:58:33+00:00","mainEntityOfPage":{"@id":"https:\/\/www.aventure-chlorophylle.com\/via-cordata-du-hourat-a-laruns\/"},"wordCount":1389,"publisher":{"@id":"https:\/\/www.aventure-chlorophylle.com\/#organization"},"image":{"@id":"https:\/\/www.aventure-chlorophylle.com\/via-cordata-du-hourat-a-laruns\/#primaryimage"},"thumbnailUrl":"https:\/\/www.aventure-chlorophylle.com\/wp-content\/uploads\/2021\/06\/activite_via_cordata_du_hourat_6.jpg","articleSection":["Blog"],"inLanguage":"es"},{"@type":"WebPage","@id":"https:\/\/www.aventure-chlorophylle.com\/via-cordata-du-hourat-a-laruns\/","url":"https:\/\/www.aventure-chlorophylle.com\/via-cordata-du-hourat-a-laruns\/","name":"Via cordata | Laruns - Valle de Ossau | Pirineos Atl\u00e1nticos","isPartOf":{"@id":"https:\/\/www.aventure-chlorophylle.com\/#website"},"primaryImageOfPage":{"@id":"https:\/\/www.aventure-chlorophylle.com\/via-cordata-du-hourat-a-laruns\/#primaryimage"},"image":{"@id":"https:\/\/www.aventure-chlorophylle.com\/via-cordata-du-hourat-a-laruns\/#primaryimage"},"thumbnailUrl":"https:\/\/www.aventure-chlorophylle.com\/wp-content\/uploads\/2021\/06\/activite_via_cordata_du_hourat_6.jpg","datePublished":"2022-01-28T17:00:21+00:00","dateModified":"2022-04-01T12:58:33+00:00","description":"La v\u00eda cordata de Hourat, de Laruns, en el valle de Ossau (Pirineos Atl\u00e1nticos) supervisada por los monitores de Aventure Chlorophylle.","breadcrumb":{"@id":"https:\/\/www.aventure-chlorophylle.com\/via-cordata-du-hourat-a-laruns\/#breadcrumb"},"inLanguage":"es","potentialAction":[{"@type":"ReadAction","target":["https:\/\/www.aventure-chlorophylle.com\/via-cordata-du-hourat-a-laruns\/"]}]},{"@type":"ImageObject","inLanguage":"es","@id":"https:\/\/www.aventure-chlorophylle.com\/via-cordata-du-hourat-a-laruns\/#primaryimage","url":"https:\/\/www.aventure-chlorophylle.com\/wp-content\/uploads\/2021\/06\/activite_via_cordata_du_hourat_6.jpg","contentUrl":"https:\/\/www.aventure-chlorophylle.com\/wp-content\/uploads\/2021\/06\/activite_via_cordata_du_hourat_6.jpg","width":1440,"height":1080,"caption":"Via cordata du hourat dans le B\u00e9arn en vall\u00e9e d'Ossau"},{"@type":"BreadcrumbList","@id":"https:\/\/www.aventure-chlorophylle.com\/via-cordata-du-hourat-a-laruns\/#breadcrumb","itemListElement":[{"@type":"ListItem","position":1,"name":"Accueil","item":"https:\/\/www.aventure-chlorophylle.com\/"},{"@type":"ListItem","position":2,"name":"La via cordata du Hourat \u00e0 Laruns"}]},{"@type":"WebSite","@id":"https:\/\/www.aventure-chlorophylle.com\/#website","url":"https:\/\/www.aventure-chlorophylle.com\/","name":"Aventura clorof\u00edlica","description":"Barranquismo, rafting y espeleolog\u00eda en los Pirineos","publisher":{"@id":"https:\/\/www.aventure-chlorophylle.com\/#organization"},"potentialAction":[{"@type":"SearchAction","target":{"@type":"EntryPoint","urlTemplate":"https:\/\/www.aventure-chlorophylle.com\/?s={search_term_string}"},"query-input":{"@type":"PropertyValueSpecification","valueRequired":true,"valueName":"search_term_string"}}],"inLanguage":"es"},{"@type":"Organization","@id":"https:\/\/www.aventure-chlorophylle.com\/#organization","name":"Aventura clorof\u00edlica","url":"https:\/\/www.aventure-chlorophylle.com\/","logo":{"@type":"ImageObject","inLanguage":"es","@id":"https:\/\/www.aventure-chlorophylle.com\/#\/schema\/logo\/image\/","url":"https:\/\/www.aventure-chlorophylle.com\/wp-content\/uploads\/2021\/04\/logo_aventure_chlorophylle.png","contentUrl":"https:\/\/www.aventure-chlorophylle.com\/wp-content\/uploads\/2021\/04\/logo_aventure_chlorophylle.png","width":356,"height":392,"caption":"Aventure Chlorophylle"},"image":{"@id":"https:\/\/www.aventure-chlorophylle.com\/#\/schema\/logo\/image\/"},"sameAs":["https:\/\/www.facebook.com\/aventurechlorophylle","https:\/\/www.instagram.com\/aventure_chlorophylle\/"]},{"@type":"Person","@id":"https:\/\/www.aventure-chlorophylle.com\/#\/schema\/person\/77e4da7f4c3c5be2ef2ce30a09863abe","name":"Alex"}]}},"_links":{"self":[{"href":"https:\/\/www.aventure-chlorophylle.com\/es\/wp-json\/wp\/v2\/posts\/265491","targetHints":{"allow":["GET"]}}],"collection":[{"href":"https:\/\/www.aventure-chlorophylle.com\/es\/wp-json\/wp\/v2\/posts"}],"about":[{"href":"https:\/\/www.aventure-chlorophylle.com\/es\/wp-json\/wp\/v2\/types\/post"}],"author":[{"embeddable":true,"href":"https:\/\/www.aventure-chlorophylle.com\/es\/wp-json\/wp\/v2\/users\/3"}],"replies":[{"embeddable":true,"href":"https:\/\/www.aventure-chlorophylle.com\/es\/wp-json\/wp\/v2\/comments?post=265491"}],"version-history":[{"count":3,"href":"https:\/\/www.aventure-chlorophylle.com\/es\/wp-json\/wp\/v2\/posts\/265491\/revisions"}],"predecessor-version":[{"id":265955,"href":"https:\/\/www.aventure-chlorophylle.com\/es\/wp-json\/wp\/v2\/posts\/265491\/revisions\/265955"}],"wp:featuredmedia":[{"embeddable":true,"href":"https:\/\/www.aventure-chlorophylle.com\/es\/wp-json\/wp\/v2\/media\/263261"}],"wp:attachment":[{"href":"https:\/\/www.aventure-chlorophylle.com\/es\/wp-json\/wp\/v2\/media?parent=265491"}],"wp:term":[{"taxonomy":"category","embeddable":true,"href":"https:\/\/www.aventure-chlorophylle.com\/es\/wp-json\/wp\/v2\/categories?post=265491"},{"taxonomy":"post_tag","embeddable":true,"href":"https:\/\/www.aventure-chlorophylle.com\/es\/wp-json\/wp\/v2\/tags?post=265491"}],"curies":[{"name":"wp","href":"https:\/\/api.w.org\/{rel}","templated":true}]}}