{"id":266151,"date":"2022-06-24T13:31:59","date_gmt":"2022-06-24T11:31:59","guid":{"rendered":"https:\/\/www.aventure-chlorophylle.com\/?p=266151"},"modified":"2022-06-24T13:32:09","modified_gmt":"2022-06-24T11:32:09","slug":"flora-des-canyons-des-pyrenees","status":"publish","type":"post","link":"https:\/\/www.aventure-chlorophylle.com\/es\/flora-des-canyons-des-pyrenees\/","title":{"rendered":"Flora de los ca\u00f1ones pirenaicos"},"content":{"rendered":"<p>[et_pb_section fb_built=\"1\u2033 admin_label=\"section \" _builder_version=\"4.16\u2033 global_colors_info=\"{} \"][et_pb_row admin_label=\"row \" _builder_version=\"4.16\u2033 background_size=\"initial \" background_position=\"top_left \" background_repeat=\"repeat \" global_colors_info=\"{} \"][et_pb_column type=\"4_4\u2033 _builder_version=\"4.16\u2033 custom_padding=\"|| \" global_colors_info=\"{} \" custom_padding__hover=\"|| \"][et_pb_text _builder_version=\"4.17.3\u2033 _module_preset=\"default \" global_colors_info=\"{} \"]<\/p>\n<p style=\"text-align: center;\">Descubra a trav\u00e9s de este art\u00edculo un peque\u00f1o inventario o al menos una selecci\u00f3n de <strong>plantas y flores silvestres<\/strong> que pueden encontrarse en los ca\u00f1ones del <strong>Pirineos<\/strong>. <strong>Gu\u00edas de aventura Chlorophylle<\/strong> suelen hablar de ellas durante sus salidas en grupo. La idea de este art\u00edculo es arrojar luz sobre algunas de las especies notables que se pueden descubrir durante una excursi\u00f3n. <strong>barranquismo, escalada o v\u00eda ferrata<\/strong> en el Alto B\u00e9arn. Sin pretender hacer una lista exhaustiva a la manera de una flora cient\u00edfica o bot\u00e1nica, se trata m\u00e1s bien de hablar de <strong>algunas especies<\/strong> que representan el <strong>biodiversidad del entorno monta\u00f1oso del valle de Ossau<\/strong> y m\u00e1s ampliamente en los Pirineos.<\/p>\n<p>[\/et_pb_text][\/et_pb_column][\/et_pb_row][et_pb_row column_structure=\"1_2,1_2\u2033 _builder_version=\"4.17.3\u2033 _module_preset=\"default \" global_colors_info=\"{} \"][et_pb_column type=\"1_2\u2033 _builder_version=\"4.17.3\u2033 _module_preset=\"default \" global_colors_info=\"{} \"][et_pb_image src= \"https:\/\/www.aventure-chlorophylle.com\/wp-content\/uploads\/2022\/05\/fleur-scilla-bifolia.jpg \" alt= \"fleur de la vall\u00e9e d'Ossau \" title_text= \"fleur scilla bifolia, canyon du canceigt \" module_class=\"msk-1\u2033 _builder_version=\"4.17.3\u2033 _module_preset=\"default \" custom_margin=\"60px|||1rem||false|false \" global_colors_info=\"{} \"][\/et_pb_image][\/et_pb_column][et_pb_column type=\"1_2\u2033 _builder_version=\"4.17.3\u2033 _module_preset=\"default \" global_colors_info=\"{} \"][et_pb_text _builder_version=\"4.17.3\u2033 _module_preset=\"default \" custom_margin=\"80px||||false|false \" global_colors_info=\"{} \"]<\/p>\n<h2>Hablemos de la clorofila.<\/h2>\n<p>&nbsp;<\/p>\n<p>La mayor\u00eda de los <strong>flores silvestres<\/strong> se dice <strong>clorofila<\/strong>no porque pertenezcan a nuestro grupo de gu\u00edas, sino porque utilizan el <strong>fotos\u00edntesis<\/strong> para transformar el<strong>La energ\u00eda de la luz<\/strong> en <strong>energ\u00eda qu\u00edmica<\/strong> esencial para el buen desarrollo de la planta. Sus hojas son verdes para captar la luz y tambi\u00e9n para hacer posible este milagro ecol\u00f3gico: utilizar el CO2 del aire para <strong>crear ox\u00edgeno<\/strong>\u00a1! \u00a1Una verdadera alquimia en estos tiempos de cambio clim\u00e1tico!<\/p>\n<p>[et_pb_text][\/et_pb_column][\/et_pb_row][et_pb_row column_structure=\"1_3,1_3,1_3\u2033 _builder_version=\"4.17.3\u2033 _module_preset=\"default \" global_colors_info=\"{}\"][et_pb_column type=\"1_3\u2033 _builder_version=\"4.17.3\u2033 _module_preset=\"default \" global_colors_info=\"{} \"][et_pb_image src=\"https:\/\/www.aventure-chlorophylle.com\/wp-content\/uploads\/2022\/05\/ail-des-ours.jpg \" title_text=\"ail des ours, canyon du canceigt \" module_class=\"msk-1\u2033 _builder_version=\"4.17.3\u2033 _module_preset=\"default \" custom_margin=\"140px|||1rem||false|false \" global_colors_info=\"{} \"][\/et_pb_image][\/et_pb_column][et_pb_column type=\"1_3\u2033 _builder_version=\"4.17.3\u2033 _module_preset=\"default \" global_colors_info=\"{} \"][et_pb_text _builder_version=\"4.17.3\u2033 _module_preset=\"default \" custom_margin=\"50px||||false|false \" global_colors_info=\"{} \"]<\/p>\n<h2 style=\"text-align: center;\">He aqu\u00ed algunas de estas hero\u00ednas:<\/h2>\n<p>&nbsp;<\/p>\n<p style=\"text-align: center;\">En <strong>inicio de la primavera<\/strong>En las orillas de los ca\u00f1ones, todav\u00eda iluminadas por los rayos del sol antes de que el dosel proyecte una densa sombra sobre el ripsylve, un gran n\u00famero de flores est\u00e1n ansiosas por hacer sentir su presencia. <strong>colores<\/strong>su <strong>huele<\/strong>para atraer a los primeros insectos que buscan <strong>n\u00e9ctar embriagador<\/strong>. Este es el caso de <strong>Scilla de dos hojas<\/strong> (foto de arriba), que resultan sobrecogedoras para el barranquista.<\/p>\n<p style=\"text-align: center;\">Bajando por los desfiladeros del <strong>Canceigt<\/strong> \u00e0 <strong>Beost<\/strong> en <strong>Valle de Ossau<\/strong> o el Gave entre <strong>Buzy<\/strong> y <strong>Oloron Sainte-Marie<\/strong>En mayo, el discreto pero no menos fragante <strong>ajo de campo<\/strong> (alium ursinum) (foto de la izquierda) har\u00e1 las delicias de los gourmets. Sus hojas y puntas florales tienen un fuerte sabor a ajo, <strong>\u00a1cuidado con las citas despu\u00e9s de probarlo!<\/strong><\/p>\n<p style=\"text-align: center;\">Un poco m\u00e1s tarde, <strong>principios de junio<\/strong>s, el <strong>Lirios martag\u00f3n<\/strong> (foto de la derecha) har\u00e1n sus desfiles a quien quiera verlos... <strong>Ten cuidado de no pisarlas.<\/strong><\/p>\n<p>[\/et_pb_text][\/et_pb_column][et_pb_column type=\"1_3\u2033 _builder_version=\"4.17.3\u2033 _module_preset=\"default \" global_colors_info=\"{} \"][et_pb_image src=\"https:\/\/www.aventure-chlorophylle.com\/wp-content\/uploads\/2022\/05\/lys-martagon.jpg \" alt=\"lys martagon en vall\u00e9e d'Ossau \" title_text=\"lys martagon \" module_class=\"msk-1\u2033 _builder_version=\"4.17.3\u2033 _module_preset=\"default \" custom_margin=\"140px||1rem||false|false \" global_colors_info=\"{} \"][\/et_pb_image][\/et_pb_column][\/et_pb_row][et_pb_row _builder_version=\"4.17.3\u2033 _module_preset=\"default \" global_colors_info=\"{} \"][et_pb_column type=\"4_4\u2033 _builder_version=\"4.17.3\u2033 _module_preset=\"default \" global_colors_info=\"{} \"][et_pb_text _builder_version=\"4.17.3\u2033 _module_preset=\"default \" custom_margin=\"80px||60px|||false|false \" global_colors_info=\"{} \"]<\/p>\n<h2 style=\"text-align: center;\">Plantas ingeniosas ...<\/h2>\n<p>&nbsp;<\/p>\n<p style=\"text-align: center;\">Bajo una cubierta vegetal muy densa <strong>hayas y abetos,<\/strong> algunos <strong>plantas de flor<\/strong> son astutos para burlar a la competencia y aprovechar su situaci\u00f3n geogr\u00e1fica. Es el caso de <strong>plantas clorof\u00edlicas<\/strong>. Por nombrar s\u00f3lo algunos, el <strong>peque\u00f1o Monotropo su cepin<\/strong> (monotropa hypopitys) (abajo en el centro) observada en las orillas del ca\u00f1\u00f3n del Bious, no lejos de Artouste, <strong>la Lathrea Clandestina<\/strong> (Lathrea clandestina) (abajo a la izquierda) que se ve con frecuencia en el descenso de la v\u00eda ferrata de Siala por debajo de Gourette o en ciertas orillas del ca\u00f1\u00f3n del Tourmoun, por debajo del Col du Pourtalet. Otro ejemplo es la <strong>Neotritis del nido de p\u00e1jaro<\/strong> (Netottia nidus avis) (abajo a la derecha). Este <strong>famosa orqu\u00eddea no clorofila<\/strong> se observ\u00f3 en varias ocasiones en la aproximaci\u00f3n al ca\u00f1\u00f3n de Soussou\u00e9ou o a la v\u00eda ferrata de Siala. <strong>Todas estas flores<\/strong> tienen la particularidad de no ser como los dem\u00e1s, <strong>a modo de seta<\/strong>De este modo, obtienen su energ\u00eda directamente de las ra\u00edces de otras plantas mucho m\u00e1s grandes que pueden captar f\u00e1cilmente la luz. Esta simbiosis entre distintas especies de plantas es objeto de muchas investigaciones por parte de los cient\u00edficos sobre la <strong>comunicaci\u00f3n de planta<\/strong>.<\/p>\n<p>[\/et_pb_text][\/et_pb_column][\/et_pb_row][et_pb_row column_structure=\"1_3,1_3,1_3\u2033 _builder_version=\"4.17.3\u2033 _module_preset=\"default \" global_colors_info=\"{} \"][et_pb_column type=\"1_3\u2033 _builder_version=\"4.17.3\u2033 _module_preset=\"default \" global_colors_info=\"{} \"][et_pb_image src= \"https:\/\/www.aventure-chlorophylle.com\/wp-content\/uploads\/2022\/05\/lathraea-clandestina.jpg \" title_text=\"lathraea clandestina \" align=\"right \" module_class=\"msk-1\u2033 _builder_version=\"4.17.3\u2033 _module_preset=\"default \" custom_margin=\"150px|||1rem||false|false \" global_colors_info=\"{} \"][\/et_pb_image][\/et_pb_column][et_pb_column type=\"1_3\u2033 _builder_version=\"4.17.3\u2033 _module_preset=\"default \" global_colors_info=\"{} \"][et_pb_image src=\"https:\/\/www.aventure-chlorophylle.com\/wp-content\/uploads\/2022\/05\/monotropa-hypopitys.jpg \" title_text=\"monotropa hypopitys \" align=\"center \" _builder_version=\"4.17.3\u2033 _module_preset=\"default \" width=\"74% \" global_colors_info=\"{} \"][\/et_pb_image][\/et_pb_column][et_pb_column type=\"1_3\u2033 _builder_version=\"4.17.3\u2033 _module_preset=\"default \" global_colors_info=\"{} \"][et_pb_image src=\"https:\/\/www.aventure-chlorophylle.com\/wp-content\/uploads\/2022\/05\/neottia-nidus-avis.jpg \" title_text=\"neottia nidus avis \" _builder_version=\"4.17.3\u2033 _module_preset=\"default \" width=\"100% \" max_width=\"100% \" min_height=\"281px \" height=\"407px \" global_colors_info=\"{} \"][\/et_pb_image][\/et_pb_column][\/et_pb_row][et_pb_row column_structure=\"1_2,1_2\u2033 _builder_version=\"4.17.3\u2033 _module_preset=\"default \" global_colors_info=\"{} \"][et_pb_column type=\"1_2\u2033 _builder_version=\"4.17.3\u2033 _module_preset=\"default \" global_colors_info=\"{} \"][et_pb_text _builder_version=\"4.17.3\u2033 _module_preset=\"default \" custom_margin=\"80px||||false|false \" global_colors_info=\"{} \"]<\/p>\n<h2 style=\"text-align: center;\">Y adem\u00e1s carn\u00edvoros.<\/h2>\n<p>&nbsp;<\/p>\n<p style=\"text-align: center;\">En t\u00e9rminos de proeza t\u00e9cnica, la peque\u00f1a y discreta Pinguicula grandiflora (Pinguicula grandiflora) se da mejor en suelos y muros h\u00famedos y calc\u00e1reos. Vivir en zonas donde la mayor\u00eda de las dem\u00e1s plantas han sido descuidadas \u00a1la convierte en la due\u00f1a de la casa! Para compensar la falta de nutrientes del sustrato, captura y digiere peque\u00f1os insectos como los mosquitos, \u00a1todo un complemento alimenticio!  Estas hojas pegajosas atrapan al insecto, \u00a1no hay posibilidad de que salga! Una estrategia eficaz ya que se puede observar en muchos ca\u00f1ones pirenaicos...<\/p>\n<p>[\/et_pb_text][\/et_pb_column][et_pb_column type=\"1_2\u2033 _builder_version=\"4.17.3\u2033 _module_preset=\"default \" global_colors_info=\"{} \"][et_pb_image src=\"https:\/\/www.aventure-chlorophylle.com\/wp-content\/uploads\/2022\/05\/grassette-a-grandes-fleurs.jpg \" alt=\"mariposa de flor grande\" title_text=\"mariposa de flor grande\" module_class=\"msk-1\u2033 _builder_version=\"4.17.3\u2033 _module_preset=\"default \" global_colors_info=\"{} \"][\/et_pb_image][\/et_pb_column][\/et_pb_row][et_pb_row _builder_version=\"4.17.3\u2033 _module_preset=\"default \" global_colors_info=\"{} \"][et_pb_column type=\"4_4\u2033 _builder_version=\"4.17.3\u2033 _module_preset=\"default \" global_colors_info=\"{} \"][et_pb_text _builder_version=\"4.17.3\u2033 _module_preset=\"default \" custom_margin=\"40px||60px|||false|false \" global_colors_info=\"{} \"]<\/p>\n<h2 style=\"text-align: center;\">Rumbo a la cima...<\/h2>\n<p>&nbsp;<\/p>\n<p style=\"text-align: center;\">Subiendo <strong>por encima de 1500 m de altitud<\/strong>M\u00e1s all\u00e1 del nivel monta\u00f1oso, entramos en el mundo de los <strong>praderas de gran altitud<\/strong> bien conocido por <strong>Oveja bearnesa<\/strong> y <strong>amantes del queso<\/strong>. Es precisamente aqu\u00ed, en el coraz\u00f3n del <strong>Parque Nacional de los Pirineos<\/strong>que la mayor diversidad de<strong> flores silvestres<\/strong>. Al borde del ca\u00f1\u00f3n de <strong>Cap de Pount<\/strong> por ejemplo, al pie del famoso<strong> Pic du Midi<\/strong> <strong>d'Ossau<\/strong>s, el <strong>gencianas de primavera <\/strong>(abajo en el centro), el <strong>orqu\u00eddea de sa\u00faco<\/strong> (Dactyloriza sambucina) (foto de abajo a la izquierda) compiten por atraer <strong>polinizadores<\/strong> tan esperada. \u00bfTendr\u00e1 la oportunidad de ver el <strong>Lirio de los Pirineos<\/strong> (Lilium pyrenaicum) (abajo a la derecha)?<\/p>\n<p>[et_pb_text][\/et_pb_column][\/et_pb_row][et_pb_row column_structure=\"1_3,1_3,1_3\u2033 _builder_version=\"4.17.3\u2033 _module_preset=\"default \" global_colors_info=\"{}\"][et_pb_column type=\"1_3\u2033 _builder_version=\"4.17.3\u2033 _module_preset=\"default \" global_colors_info=\"{} \"][et_pb_image src= \"https:\/\/www.aventure-chlorophylle.com\/wp-content\/uploads\/2022\/05\/orchis-sureau-dactyloriza-sambucina.jpg \" title_text=\"orchis mayor dactyloriza sambucina \" align=\"center \" module_class=\"msk-1\u2033 _builder_version=\"4.17.3\u2033 _module_preset=\"default \" custom_margin=\"90px||1rem||false|false \" global_colors_info=\"{} \"][\/et_pb_image][\/et_pb_column][et_pb_column type=\"1_3\u2033 _builder_version=\"4.17.3\u2033 _module_preset=\"default \" global_colors_info=\"{} \"][et_pb_image src= \"https:\/\/www.aventure-chlorophylle.com\/wp-content\/uploads\/2022\/05\/gentiane-de-koch.jpg \" title_text=\"gentiane de koch \" _builder_version=\"4.17.3\u2033 _module_preset=\"default \" global_colors_info=\"{} \"][\/et_pb_image][\/et_pb_column][et_pb_column type=\"1_3\u2033 _builder_version=\"4.17.3\u2033 _module_preset=\"default \" global_colors_info=\"{} \"][et_pb_image src=\"https:\/\/www.aventure-chlorophylle.com\/wp-content\/uploads\/2022\/05\/lys-des-pyrenees.jpg \" title_text=\"lys des pyr\u00e9n\u00e9es \" align=\"center \" _builder_version=\"4.17.3\u2033 _module_preset=\"default \" width=\"83% \" global_colors_info=\"{} \"][\/et_pb_image][\/et_pb_column][\/et_pb_row][et_pb_row column_structure=\"1_2,1_2\u2033 _builder_version=\"4.17.3\u2033 _module_preset=\"default \" global_colors_info=\"{} \"][et_pb_column type=\"1_2\u2033 _builder_version=\"4.17.3\u2033 _module_preset=\"default \" global_colors_info=\"{} \"][et_pb_image src= \"https:\/\/www.aventure-chlorophylle.com\/wp-content\/uploads\/2022\/05\/Nigritelle-de-Gabas.jpg \" title_text=\"Nigritelle de Gabas \" align=\"center \" module_class=\"msk-1\u2033 _builder_version=\"4.17.3\u2033 _module_preset=\"default \" global_colors_info=\"{} \"][\/et_pb_image][\/et_pb_column][et_pb_column type=\"1_2\u2033 _builder_version=\"4.17.3\u2033 _module_preset=\"default \" global_colors_info=\"{} \"][et_pb_text _builder_version=\"4.17.3\u2033 _module_preset=\"default \" custom_margin=\"80px||||false|false \" global_colors_info=\"{} \"]<\/p>\n<h2 style=\"text-align: center;\">\u00a1Un peque\u00f1o de nuestra regi\u00f3n!<\/h2>\n<p>&nbsp;<\/p>\n<p style=\"text-align: center;\">Imposible en este art\u00edculo elaborar una lista de todas ellas, tan numerosas y tan fascinantes son... Sin embargo, una en particular retendr\u00e1 nuestra atenci\u00f3n y asumir\u00e1 el papel de \"embajadora\", por el tiempo de un art\u00edculo, de la riqueza natural de los Pirineos... Lo m\u00e1s llamativo es su nombre: Nigritelle de Gabas. Esta peque\u00f1a orqu\u00eddea roja con un ligero aroma a vainilla es end\u00e9mica de los Pirineos. Lleva con orgullo el nombre de Gabas en referencia al pueblo de los Pirineos Atl\u00e1nticos situado en el coraz\u00f3n del valle de Ossau. Gabas alberg\u00f3 un centro ecol\u00f3gico de 1977 a 1995, lo que dio su nombre especial a esta subespecie de orqu\u00eddea.<\/p>\n<p>[et_pb_text][\/et_pb_column][\/et_pb_row][et_pb_row column_structure=\"1_2,1_2\u2033 _builder_version=\"4.17.3\u2033 _module_preset=\"default \" global_colors_info=\"{} \"][et_pb_column type=\"1_2\u2033 _builder_version=\"4.17.3\u2033 _module_preset=\"default \" global_colors_info=\"{} \"][et_pb_text _builder_version=\"4.17.3\u2033 _module_preset=\"default \" custom_margin=\"80px||||false|false \" global_colors_info=\"{} \"]<\/p>\n<h2 style=\"text-align: center;\">La famos\u00edsima pezu\u00f1a de Venus .<\/h2>\n<p>&nbsp;<\/p>\n<p style=\"text-align: center;\">Cuando algunos grupos nos piden que descendamos un ca\u00f1\u00f3n en el <strong>en el lateral<\/strong> <strong>Espa\u00f1ol<\/strong> y es el mes de <strong>Junio<\/strong>Como ritual, nos detenemos sistem\u00e1ticamente para observar la floraci\u00f3n de una de estas flores <strong>m\u00e1s<\/strong> <strong>Europa destaca<\/strong>\u00a1! Este <strong>orqu\u00eddea rara<\/strong> es el \u00fanico representante del g\u00e9nero Cypripedium en Europa. Sus cualidades est\u00e9ticas y su excepcional estrategia de adaptaci\u00f3n lo convierten casi en un animal racional. Adem\u00e1s <strong>atrapa a sus polinizadores<\/strong>pero con <strong>clase y<\/strong> <strong>delicadeza<\/strong> \u00a1! Atra\u00eddo por el tama\u00f1o, la textura y el color de la flor, el curioso insecto intenta saber m\u00e1s... se acerca a la abertura que le permite entrar en \"la pezu\u00f1a\". Las paredes resbaladizas lo llevan directamente al fondo del c\u00e1liz... En su ca\u00edda, el insecto <strong>pega el polen<\/strong> distribuidos voluntariamente a la entrada de la trampa. Una salida ser\u00e1 posible para asegurar la Venus su reproducci\u00f3n <strong>sin matar al animal...<\/strong><\/p>\n<p>[et_pb_text][\/et_pb_column][et_pb_column type=\"1_2\u2033 _builder_version=\"4.17.3\u2033 _module_preset=\"default \" global_colors_info=\"{} \"][et_pb_image src= \"https:\/\/www.aventure-chlorophylle.com\/wp-content\/uploads\/2022\/05\/sabot-de-venus.jpg \" alt= \"Sabot de Venus en vall\u00e9e d'ossau \" title_text=\"sabot de venus \" align=\"center \" module_class=\"msk-1\u2033 _builder_version=\"4.17.3\u2033 _module_preset=\"default \" global_colors_info=\"{} \"][\/et_pb_image][\/et_pb_column][\/et_pb_row][et_pb_row _builder_version=\"4.17.3\u2033 _module_preset=\"default \" global_colors_info=\"{} \"][et_pb_column type=\"4_4\u2033 _builder_version=\"4.17.3\u2033 _module_preset=\"default \" global_colors_info=\"{} \"][et_pb_text _builder_version=\"4.17.3\u2033 _module_preset=\"default \" custom_margin=\"60px||||false|false \" global_colors_info=\"{} \"]<\/p>\n<h2 style=\"text-align: center;\">Y siempre reuniones muy agradables ...<\/h2>\n<p>&nbsp;<\/p>\n<p style=\"text-align: center;\">Nos apasiona la naturaleza y los deportes de monta\u00f1a y por eso elegimos hacer de ello nuestro trabajo. Pero m\u00e1s all\u00e1 del aspecto sensacionalista o deportivo, el<b> profesi\u00f3n de gu\u00eda<\/b> es sobre todo llevar <strong>a<\/strong> <strong>mira<\/strong>, d'<strong>observar de otro modo<\/strong> nuestra <strong>medio ambiente<\/strong> intentando cada vez conocerla mejor y comprenderla mejor. Compartimos esta pasi\u00f3n por la naturaleza cada d\u00eda, durante todo el a\u00f1o, ya sea en nuestros trabajos, nuestras aficiones o nuestras reuniones.<\/p>\n<p style=\"text-align: center;\">Esperamos verle pronto en nuestras salidas deportivas con <strong>Aventura clorof\u00edlica<\/strong> compartir estos <strong>visiones del mundo<\/strong> <strong>salvaje<\/strong> que a veces se nos escapa...<\/p>\n<p style=\"text-align: center;\">\u00a1Adishatz!<\/p>\n<p>&nbsp;<\/p>\n<p>Johan Fontvieille, <a href=\"http:\/\/www.pyrenees-verticales.com\" target=\"_blank\" rel=\"noopener\">Ark\u00e9<\/a>Gu\u00eda de escalada y barranquismo, miembro de la oficina Aventure Chlorophylle<\/p>\n<p>[\/et_pb_text][\/et_pb_column][\/et_pb_row][\/et_pb_section]<\/p>","protected":false},"excerpt":{"rendered":"<p>En este art\u00edculo encontrar\u00e1 un peque\u00f1o inventario, o al menos una selecci\u00f3n, de las plantas y flores silvestres que se pueden encontrar en los ca\u00f1ones de los Pirineos. Los gu\u00edas de Aventure Chlorophylle hablan a menudo de estas plantas y flores durante sus salidas con los grupos. La idea de este art\u00edculo es arrojar luz sobre algunas de las especies notables que [...]<\/p>","protected":false},"author":3,"featured_media":266204,"comment_status":"closed","ping_status":"closed","sticky":false,"template":"","format":"standard","meta":{"_acf_changed":false,"_et_pb_use_builder":"on","_et_pb_old_content":"","_et_gb_content_width":"","inline_featured_image":false,"footnotes":""},"categories":[1],"tags":[],"class_list":["post-266151","post","type-post","status-publish","format-standard","has-post-thumbnail","hentry","category-blog"],"acf":[],"yoast_head":"<!-- This site is optimized with the Yoast SEO plugin v26.7 - https:\/\/yoast.com\/wordpress\/plugins\/seo\/ -->\n<title>Flore des canyons des Pyr\u00e9n\u00e9es - Aventure Chlorophylle<\/title>\n<meta name=\"description\" content=\"Aventure Chlorophylle, le bureau des moniteurs de sports nature de la vall\u00e9e d&#039;Ossau dans les Pyr\u00e9n\u00e9es Atlantiques (64) : canyoning, rafting, sp\u00e9l\u00e9o, escalade\" \/>\n<meta name=\"robots\" content=\"index, follow, max-snippet:-1, max-image-preview:large, max-video-preview:-1\" \/>\n<link rel=\"canonical\" href=\"https:\/\/www.aventure-chlorophylle.com\/es\/flora-des-canyons-des-pyrenees\/\" \/>\n<meta property=\"og:locale\" content=\"es_ES\" \/>\n<meta property=\"og:type\" content=\"article\" \/>\n<meta property=\"og:title\" content=\"Flore des canyons des Pyr\u00e9n\u00e9es - Aventure Chlorophylle\" \/>\n<meta property=\"og:description\" content=\"Aventure Chlorophylle, le bureau des moniteurs de sports nature de la vall\u00e9e d&#039;Ossau dans les Pyr\u00e9n\u00e9es Atlantiques (64) : canyoning, rafting, sp\u00e9l\u00e9o, escalade\" \/>\n<meta property=\"og:url\" content=\"https:\/\/www.aventure-chlorophylle.com\/es\/flora-des-canyons-des-pyrenees\/\" \/>\n<meta property=\"og:site_name\" content=\"Aventure Chlorophylle\" \/>\n<meta property=\"article:publisher\" content=\"https:\/\/www.facebook.com\/aventurechlorophylle\" \/>\n<meta property=\"article:published_time\" content=\"2022-06-24T11:31:59+00:00\" \/>\n<meta property=\"article:modified_time\" content=\"2022-06-24T11:32:09+00:00\" \/>\n<meta property=\"og:image\" content=\"https:\/\/www.aventure-chlorophylle.com\/wp-content\/uploads\/2022\/05\/IMG_3984-e1653663747297.jpg\" \/>\n\t<meta property=\"og:image:width\" content=\"768\" \/>\n\t<meta property=\"og:image:height\" content=\"362\" \/>\n\t<meta property=\"og:image:type\" content=\"image\/jpeg\" \/>\n<meta name=\"author\" content=\"Alex\" \/>\n<meta name=\"twitter:card\" content=\"summary_large_image\" \/>\n<meta name=\"twitter:label1\" content=\"Escrito por\" \/>\n\t<meta name=\"twitter:data1\" content=\"Alex\" \/>\n\t<meta name=\"twitter:label2\" content=\"Tiempo de lectura\" \/>\n\t<meta name=\"twitter:data2\" content=\"8 minutos\" \/>\n<script type=\"application\/ld+json\" class=\"yoast-schema-graph\">{\"@context\":\"https:\/\/schema.org\",\"@graph\":[{\"@type\":\"Article\",\"@id\":\"https:\/\/www.aventure-chlorophylle.com\/flore-des-canyons-des-pyrenees\/#article\",\"isPartOf\":{\"@id\":\"https:\/\/www.aventure-chlorophylle.com\/flore-des-canyons-des-pyrenees\/\"},\"author\":{\"name\":\"Alex\",\"@id\":\"https:\/\/www.aventure-chlorophylle.com\/#\/schema\/person\/77e4da7f4c3c5be2ef2ce30a09863abe\"},\"headline\":\"Flore des canyons des Pyr\u00e9n\u00e9es\",\"datePublished\":\"2022-06-24T11:31:59+00:00\",\"dateModified\":\"2022-06-24T11:32:09+00:00\",\"mainEntityOfPage\":{\"@id\":\"https:\/\/www.aventure-chlorophylle.com\/flore-des-canyons-des-pyrenees\/\"},\"wordCount\":2455,\"publisher\":{\"@id\":\"https:\/\/www.aventure-chlorophylle.com\/#organization\"},\"image\":{\"@id\":\"https:\/\/www.aventure-chlorophylle.com\/flore-des-canyons-des-pyrenees\/#primaryimage\"},\"thumbnailUrl\":\"https:\/\/www.aventure-chlorophylle.com\/wp-content\/uploads\/2022\/05\/IMG_3984-e1653663747297.jpg\",\"articleSection\":[\"Blog\"],\"inLanguage\":\"es\"},{\"@type\":\"WebPage\",\"@id\":\"https:\/\/www.aventure-chlorophylle.com\/flore-des-canyons-des-pyrenees\/\",\"url\":\"https:\/\/www.aventure-chlorophylle.com\/flore-des-canyons-des-pyrenees\/\",\"name\":\"Flore des canyons des Pyr\u00e9n\u00e9es - Aventure Chlorophylle\",\"isPartOf\":{\"@id\":\"https:\/\/www.aventure-chlorophylle.com\/#website\"},\"primaryImageOfPage\":{\"@id\":\"https:\/\/www.aventure-chlorophylle.com\/flore-des-canyons-des-pyrenees\/#primaryimage\"},\"image\":{\"@id\":\"https:\/\/www.aventure-chlorophylle.com\/flore-des-canyons-des-pyrenees\/#primaryimage\"},\"thumbnailUrl\":\"https:\/\/www.aventure-chlorophylle.com\/wp-content\/uploads\/2022\/05\/IMG_3984-e1653663747297.jpg\",\"datePublished\":\"2022-06-24T11:31:59+00:00\",\"dateModified\":\"2022-06-24T11:32:09+00:00\",\"description\":\"Aventure Chlorophylle, le bureau des moniteurs de sports nature de la vall\u00e9e d'Ossau dans les Pyr\u00e9n\u00e9es Atlantiques (64) : canyoning, rafting, sp\u00e9l\u00e9o, escalade\",\"breadcrumb\":{\"@id\":\"https:\/\/www.aventure-chlorophylle.com\/flore-des-canyons-des-pyrenees\/#breadcrumb\"},\"inLanguage\":\"es\",\"potentialAction\":[{\"@type\":\"ReadAction\",\"target\":[\"https:\/\/www.aventure-chlorophylle.com\/flore-des-canyons-des-pyrenees\/\"]}]},{\"@type\":\"ImageObject\",\"inLanguage\":\"es\",\"@id\":\"https:\/\/www.aventure-chlorophylle.com\/flore-des-canyons-des-pyrenees\/#primaryimage\",\"url\":\"https:\/\/www.aventure-chlorophylle.com\/wp-content\/uploads\/2022\/05\/IMG_3984-e1653663747297.jpg\",\"contentUrl\":\"https:\/\/www.aventure-chlorophylle.com\/wp-content\/uploads\/2022\/05\/IMG_3984-e1653663747297.jpg\",\"width\":768,\"height\":362,\"caption\":\"sentier de randon\u00e9e en vall\u00e9e d'Ossau\"},{\"@type\":\"BreadcrumbList\",\"@id\":\"https:\/\/www.aventure-chlorophylle.com\/flore-des-canyons-des-pyrenees\/#breadcrumb\",\"itemListElement\":[{\"@type\":\"ListItem\",\"position\":1,\"name\":\"Accueil\",\"item\":\"https:\/\/www.aventure-chlorophylle.com\/\"},{\"@type\":\"ListItem\",\"position\":2,\"name\":\"Flore des canyons des Pyr\u00e9n\u00e9es\"}]},{\"@type\":\"WebSite\",\"@id\":\"https:\/\/www.aventure-chlorophylle.com\/#website\",\"url\":\"https:\/\/www.aventure-chlorophylle.com\/\",\"name\":\"Aventure Chlorophylle\",\"description\":\"Activit\u00e9s de Canyoning, rafting et sp\u00e9l\u00e9ologie dans les Pyr\u00e9n\u00e9es\",\"publisher\":{\"@id\":\"https:\/\/www.aventure-chlorophylle.com\/#organization\"},\"potentialAction\":[{\"@type\":\"SearchAction\",\"target\":{\"@type\":\"EntryPoint\",\"urlTemplate\":\"https:\/\/www.aventure-chlorophylle.com\/?s={search_term_string}\"},\"query-input\":{\"@type\":\"PropertyValueSpecification\",\"valueRequired\":true,\"valueName\":\"search_term_string\"}}],\"inLanguage\":\"es\"},{\"@type\":\"Organization\",\"@id\":\"https:\/\/www.aventure-chlorophylle.com\/#organization\",\"name\":\"Aventure Chlorophylle\",\"url\":\"https:\/\/www.aventure-chlorophylle.com\/\",\"logo\":{\"@type\":\"ImageObject\",\"inLanguage\":\"es\",\"@id\":\"https:\/\/www.aventure-chlorophylle.com\/#\/schema\/logo\/image\/\",\"url\":\"https:\/\/www.aventure-chlorophylle.com\/wp-content\/uploads\/2021\/04\/logo_aventure_chlorophylle.png\",\"contentUrl\":\"https:\/\/www.aventure-chlorophylle.com\/wp-content\/uploads\/2021\/04\/logo_aventure_chlorophylle.png\",\"width\":356,\"height\":392,\"caption\":\"Aventure Chlorophylle\"},\"image\":{\"@id\":\"https:\/\/www.aventure-chlorophylle.com\/#\/schema\/logo\/image\/\"},\"sameAs\":[\"https:\/\/www.facebook.com\/aventurechlorophylle\",\"https:\/\/www.instagram.com\/aventure_chlorophylle\/\"]},{\"@type\":\"Person\",\"@id\":\"https:\/\/www.aventure-chlorophylle.com\/#\/schema\/person\/77e4da7f4c3c5be2ef2ce30a09863abe\",\"name\":\"Alex\"}]}<\/script>\n<!-- \/ Yoast SEO plugin. -->","yoast_head_json":{"title":"Flora de los ca\u00f1ones pirenaicos - Aventure Chlorophylle","description":"Aventure Chlorophylle, la oficina de monitores de deportes de naturaleza en el valle de Ossau, en los Pirineos Atl\u00e1nticos (64): barranquismo, rafting, espeleolog\u00eda, escalada...","robots":{"index":"index","follow":"follow","max-snippet":"max-snippet:-1","max-image-preview":"max-image-preview:large","max-video-preview":"max-video-preview:-1"},"canonical":"https:\/\/www.aventure-chlorophylle.com\/es\/flora-des-canyons-des-pyrenees\/","og_locale":"es_ES","og_type":"article","og_title":"Flore des canyons des Pyr\u00e9n\u00e9es - Aventure Chlorophylle","og_description":"Aventure Chlorophylle, le bureau des moniteurs de sports nature de la vall\u00e9e d'Ossau dans les Pyr\u00e9n\u00e9es Atlantiques (64) : canyoning, rafting, sp\u00e9l\u00e9o, escalade","og_url":"https:\/\/www.aventure-chlorophylle.com\/es\/flora-des-canyons-des-pyrenees\/","og_site_name":"Aventure Chlorophylle","article_publisher":"https:\/\/www.facebook.com\/aventurechlorophylle","article_published_time":"2022-06-24T11:31:59+00:00","article_modified_time":"2022-06-24T11:32:09+00:00","og_image":[{"width":768,"height":362,"url":"https:\/\/www.aventure-chlorophylle.com\/wp-content\/uploads\/2022\/05\/IMG_3984-e1653663747297.jpg","type":"image\/jpeg"}],"author":"Alex","twitter_card":"summary_large_image","twitter_misc":{"Escrito por":"Alex","Tiempo de lectura":"8 minutos"},"schema":{"@context":"https:\/\/schema.org","@graph":[{"@type":"Article","@id":"https:\/\/www.aventure-chlorophylle.com\/flore-des-canyons-des-pyrenees\/#article","isPartOf":{"@id":"https:\/\/www.aventure-chlorophylle.com\/flore-des-canyons-des-pyrenees\/"},"author":{"name":"Alex","@id":"https:\/\/www.aventure-chlorophylle.com\/#\/schema\/person\/77e4da7f4c3c5be2ef2ce30a09863abe"},"headline":"Flore des canyons des Pyr\u00e9n\u00e9es","datePublished":"2022-06-24T11:31:59+00:00","dateModified":"2022-06-24T11:32:09+00:00","mainEntityOfPage":{"@id":"https:\/\/www.aventure-chlorophylle.com\/flore-des-canyons-des-pyrenees\/"},"wordCount":2455,"publisher":{"@id":"https:\/\/www.aventure-chlorophylle.com\/#organization"},"image":{"@id":"https:\/\/www.aventure-chlorophylle.com\/flore-des-canyons-des-pyrenees\/#primaryimage"},"thumbnailUrl":"https:\/\/www.aventure-chlorophylle.com\/wp-content\/uploads\/2022\/05\/IMG_3984-e1653663747297.jpg","articleSection":["Blog"],"inLanguage":"es"},{"@type":"WebPage","@id":"https:\/\/www.aventure-chlorophylle.com\/flore-des-canyons-des-pyrenees\/","url":"https:\/\/www.aventure-chlorophylle.com\/flore-des-canyons-des-pyrenees\/","name":"Flora de los ca\u00f1ones pirenaicos - Aventure Chlorophylle","isPartOf":{"@id":"https:\/\/www.aventure-chlorophylle.com\/#website"},"primaryImageOfPage":{"@id":"https:\/\/www.aventure-chlorophylle.com\/flore-des-canyons-des-pyrenees\/#primaryimage"},"image":{"@id":"https:\/\/www.aventure-chlorophylle.com\/flore-des-canyons-des-pyrenees\/#primaryimage"},"thumbnailUrl":"https:\/\/www.aventure-chlorophylle.com\/wp-content\/uploads\/2022\/05\/IMG_3984-e1653663747297.jpg","datePublished":"2022-06-24T11:31:59+00:00","dateModified":"2022-06-24T11:32:09+00:00","description":"Aventure Chlorophylle, la oficina de monitores de deportes de naturaleza en el valle de Ossau, en los Pirineos Atl\u00e1nticos (64): barranquismo, rafting, espeleolog\u00eda, escalada...","breadcrumb":{"@id":"https:\/\/www.aventure-chlorophylle.com\/flore-des-canyons-des-pyrenees\/#breadcrumb"},"inLanguage":"es","potentialAction":[{"@type":"ReadAction","target":["https:\/\/www.aventure-chlorophylle.com\/flore-des-canyons-des-pyrenees\/"]}]},{"@type":"ImageObject","inLanguage":"es","@id":"https:\/\/www.aventure-chlorophylle.com\/flore-des-canyons-des-pyrenees\/#primaryimage","url":"https:\/\/www.aventure-chlorophylle.com\/wp-content\/uploads\/2022\/05\/IMG_3984-e1653663747297.jpg","contentUrl":"https:\/\/www.aventure-chlorophylle.com\/wp-content\/uploads\/2022\/05\/IMG_3984-e1653663747297.jpg","width":768,"height":362,"caption":"sentier de randon\u00e9e en vall\u00e9e d'Ossau"},{"@type":"BreadcrumbList","@id":"https:\/\/www.aventure-chlorophylle.com\/flore-des-canyons-des-pyrenees\/#breadcrumb","itemListElement":[{"@type":"ListItem","position":1,"name":"Accueil","item":"https:\/\/www.aventure-chlorophylle.com\/"},{"@type":"ListItem","position":2,"name":"Flore des canyons des Pyr\u00e9n\u00e9es"}]},{"@type":"WebSite","@id":"https:\/\/www.aventure-chlorophylle.com\/#website","url":"https:\/\/www.aventure-chlorophylle.com\/","name":"Aventura clorof\u00edlica","description":"Barranquismo, rafting y espeleolog\u00eda en los Pirineos","publisher":{"@id":"https:\/\/www.aventure-chlorophylle.com\/#organization"},"potentialAction":[{"@type":"SearchAction","target":{"@type":"EntryPoint","urlTemplate":"https:\/\/www.aventure-chlorophylle.com\/?s={search_term_string}"},"query-input":{"@type":"PropertyValueSpecification","valueRequired":true,"valueName":"search_term_string"}}],"inLanguage":"es"},{"@type":"Organization","@id":"https:\/\/www.aventure-chlorophylle.com\/#organization","name":"Aventura clorof\u00edlica","url":"https:\/\/www.aventure-chlorophylle.com\/","logo":{"@type":"ImageObject","inLanguage":"es","@id":"https:\/\/www.aventure-chlorophylle.com\/#\/schema\/logo\/image\/","url":"https:\/\/www.aventure-chlorophylle.com\/wp-content\/uploads\/2021\/04\/logo_aventure_chlorophylle.png","contentUrl":"https:\/\/www.aventure-chlorophylle.com\/wp-content\/uploads\/2021\/04\/logo_aventure_chlorophylle.png","width":356,"height":392,"caption":"Aventure Chlorophylle"},"image":{"@id":"https:\/\/www.aventure-chlorophylle.com\/#\/schema\/logo\/image\/"},"sameAs":["https:\/\/www.facebook.com\/aventurechlorophylle","https:\/\/www.instagram.com\/aventure_chlorophylle\/"]},{"@type":"Person","@id":"https:\/\/www.aventure-chlorophylle.com\/#\/schema\/person\/77e4da7f4c3c5be2ef2ce30a09863abe","name":"Alex"}]}},"_links":{"self":[{"href":"https:\/\/www.aventure-chlorophylle.com\/es\/wp-json\/wp\/v2\/posts\/266151","targetHints":{"allow":["GET"]}}],"collection":[{"href":"https:\/\/www.aventure-chlorophylle.com\/es\/wp-json\/wp\/v2\/posts"}],"about":[{"href":"https:\/\/www.aventure-chlorophylle.com\/es\/wp-json\/wp\/v2\/types\/post"}],"author":[{"embeddable":true,"href":"https:\/\/www.aventure-chlorophylle.com\/es\/wp-json\/wp\/v2\/users\/3"}],"replies":[{"embeddable":true,"href":"https:\/\/www.aventure-chlorophylle.com\/es\/wp-json\/wp\/v2\/comments?post=266151"}],"version-history":[{"count":3,"href":"https:\/\/www.aventure-chlorophylle.com\/es\/wp-json\/wp\/v2\/posts\/266151\/revisions"}],"predecessor-version":[{"id":266343,"href":"https:\/\/www.aventure-chlorophylle.com\/es\/wp-json\/wp\/v2\/posts\/266151\/revisions\/266343"}],"wp:featuredmedia":[{"embeddable":true,"href":"https:\/\/www.aventure-chlorophylle.com\/es\/wp-json\/wp\/v2\/media\/266204"}],"wp:attachment":[{"href":"https:\/\/www.aventure-chlorophylle.com\/es\/wp-json\/wp\/v2\/media?parent=266151"}],"wp:term":[{"taxonomy":"category","embeddable":true,"href":"https:\/\/www.aventure-chlorophylle.com\/es\/wp-json\/wp\/v2\/categories?post=266151"},{"taxonomy":"post_tag","embeddable":true,"href":"https:\/\/www.aventure-chlorophylle.com\/es\/wp-json\/wp\/v2\/tags?post=266151"}],"curies":[{"name":"wp","href":"https:\/\/api.w.org\/{rel}","templated":true}]}}