{"id":266493,"date":"2022-09-26T15:43:47","date_gmt":"2022-09-26T13:43:47","guid":{"rendered":"https:\/\/www.aventure-chlorophylle.com\/?p=266493"},"modified":"2023-10-11T17:04:05","modified_gmt":"2023-10-11T15:04:05","slug":"cap-de-pount","status":"publish","type":"post","link":"https:\/\/www.aventure-chlorophylle.com\/es\/cap-de-pount\/","title":{"rendered":"Cap de Pount"},"content":{"rendered":"<p>[et_pb_section fb_built=\u00a0\u00bb1&Prime; admin_label=\u00a0\u00bbsection\u00a0\u00bb _builder_version=\u00a0\u00bb4.16&Prime; global_colors_info=\u00a0\u00bb{}\u00a0\u00bb][et_pb_row admin_label=\u00a0\u00bbrow\u00a0\u00bb _builder_version=\u00a0\u00bb4.16&Prime; background_size=\u00a0\u00bbinitial\u00a0\u00bb background_position=\u00a0\u00bbtop_left\u00a0\u00bb background_repeat=\u00a0\u00bbrepeat\u00a0\u00bb global_colors_info=\u00a0\u00bb{}\u00a0\u00bb][et_pb_column type=\u00a0\u00bb4_4&Prime; _builder_version=\u00a0\u00bb4.16&Prime; custom_padding=\u00a0\u00bb|||\u00a0\u00bb global_colors_info=\u00a0\u00bb{}\u00a0\u00bb custom_padding__hover=\u00a0\u00bb|||\u00a0\u00bb][et_pb_text _builder_version=\u00a0\u00bb4.18.0&Prime; _module_preset=\u00a0\u00bbdefault\u00a0\u00bb custom_margin=\u00a0\u00bb80px||80px||false|false\u00a0\u00bb global_colors_info=\u00a0\u00bb{}\u00a0\u00bb]<\/p>\n<h3 style=\"text-align: center;\" align=\"justify\">Un ca\u00f1\u00f3n salvaje<\/h3>\n<p>&nbsp;<\/p>\n<p style=\"text-align: center;\" align=\"justify\">En una <strong>a media hora de Laruns<\/strong> y <a href=\"https:\/\/www.aventure-chlorophylle.com\/es\/?page_id=268166&amp;preview=true\"><strong>A 1 hora de Pau<\/strong><\/a>El aparcamiento que conduce a este precioso ca\u00f1\u00f3n enclavado en el <strong>Parque Nacional del<\/strong> <strong>Pirineos<\/strong>al pie del Pic du Midi d'Ossau. Si visita <strong>el ca\u00f1\u00f3n de 400 m<\/strong> el nivel de salida se mantiene al mismo nivel que el de entrada. <strong>deportista<\/strong> debido a la <strong>paseos de ida y vuelta: de 2h15 a 2h45 m\u00e1s<\/strong> <strong>del ca\u00f1\u00f3n<\/strong>. En <strong>la cascada m\u00e1s alta mide 12 m<\/strong> y el <strong>salto m\u00e1s alto<\/strong> que es tambi\u00e9n el \u00faltimo dato sobre <strong>7m<\/strong>. Por supuesto, la profundidad de las cuencas de salto debe comprobarse cada a\u00f1o.<\/p>\n<p>[\/et_pb_text][\/et_pb_column][\/et_pb_row][et_pb_row column_structure=\u00a0\u00bb1_2,1_2&Prime; _builder_version=\u00a0\u00bb4.18.0&Prime; _module_preset=\u00a0\u00bbdefault\u00a0\u00bb global_colors_info=\u00a0\u00bb{}\u00a0\u00bb][et_pb_column type=\u00a0\u00bb1_2&Prime; _builder_version=\u00a0\u00bb4.18.0&Prime; _module_preset=\u00a0\u00bbdefault\u00a0\u00bb global_colors_info=\u00a0\u00bb{}\u00a0\u00bb][et_pb_image src=\u00a0\u00bbhttps:\/\/www.aventure-chlorophylle.com\/wp-content\/uploads\/2022\/09\/plateau-de-Bious-et-paturages-2022-07-15-Candice-canyon-Cap-de-pount-4-scaled.jpg\u00a0\u00bb alt=\u00a0\u00bbPlateau de Bious\u00a0\u00bb title_text=\u00a0\u00bbplateau de Bious et p\u00e2turages &#8211; 2022-07-15-Candice-canyon-Cap-de-pount (4)\u00a0\u00bb module_class=\u00a0\u00bbmsk1&Prime; _builder_version=\u00a0\u00bb4.18.0&Prime; _module_preset=\u00a0\u00bbdefault\u00a0\u00bb custom_margin=\u00a0\u00bb60px||||false|false\u00a0\u00bb global_colors_info=\u00a0\u00bb{}\u00a0\u00bb][\/et_pb_image][\/et_pb_column][et_pb_column type=\u00a0\u00bb1_2&Prime; _builder_version=\u00a0\u00bb4.18.0&Prime; _module_preset=\u00a0\u00bbdefault\u00a0\u00bb global_colors_info=\u00a0\u00bb{}\u00a0\u00bb][et_pb_text _builder_version=\u00a0\u00bb4.18.0&Prime; _module_preset=\u00a0\u00bbdefault\u00a0\u00bb custom_margin=\u00a0\u00bb100px||||false|false\u00a0\u00bb global_colors_info=\u00a0\u00bb{}\u00a0\u00bb]<\/p>\n<h2 style=\"text-align: center;\" align=\"justify\">En el coraz\u00f3n del Parque Nacional<\/h2>\n<p>&nbsp;<\/p>\n<p style=\"text-align: center;\" align=\"justify\">Desde el <strong>Aparcamiento de Bious-Artigues<\/strong> o <strong>Bious-Oumettes<\/strong> en funci\u00f3n del n\u00famero de visitantes, <strong>se tarda entre 1h y 1h15 andando en llegar<\/strong>.                  Ya es un placer pasear por el bosque a lo largo del <strong>lago al agua<\/strong> <strong>turquesa<\/strong> y despu\u00e9s de 40 minutos al <strong>pastos de altura<\/strong> de la meseta de Bious. S\u00f3lo quedan 20 minutos para llegar al final del ca\u00f1\u00f3n en el <strong>puente (\u00a1pount!)<\/strong>.<\/p>\n<p style=\"text-align: center;\" align=\"justify\">Si te apetece<strong>vacas que se acercan<\/strong> pastando en la meseta, especialmente si hay terneros, <strong>abstenerse de hacerlo<\/strong> \u00a1! Estas se\u00f1oras podr\u00edan tomarte por una amenaza para sus cr\u00edas... Las yeguas y sus potros les hacen compa\u00f1\u00eda.\u00a0 \u00a0 \u00a0 \u00a0 \u00a0 \u00a0 \u00a0 \u00a0 \u00a0 \u00a0 \u00a0 \u00a0 \u00a0 \u00a0 \u00a0 \u00a0 \u00a0 \u00a0 \u00a0 \u00a0 \u00a0 \u00a0 \u00a0 \u00a0 \u00a0 \u00a0 \u00a0 \u00a0 \u00a0 \u00a0 \u00a0 \u00a0 \u00a0<\/p>\n<p style=\"text-align: center;\" align=\"justify\">Tendr\u00e1 que escudri\u00f1ar las laderas circundantes para discernir el <strong>reba\u00f1os<\/strong> <strong>de brebi<\/strong>s generalmente a mayor altitud. Seg\u00fan la estaci\u00f3n, el sendero estar\u00e1 bordeado de azafranes, cardos o lirios silvestres. S\u00f3lo <strong>flores moradas<\/strong>!<\/p>\n<p style=\"text-align: center;\" align=\"justify\">[\/et_pb_text][\/et_pb_column][\/et_pb_row][et_pb_row column_structure=\u00a0\u00bb1_3,1_3,1_3&Prime; _builder_version=\u00a0\u00bb4.18.0&Prime; _module_preset=\u00a0\u00bbdefault\u00a0\u00bb global_colors_info=\u00a0\u00bb{}\u00a0\u00bb][et_pb_column type=\u00a0\u00bb1_3&Prime; _builder_version=\u00a0\u00bb4.18.0&Prime; _module_preset=\u00a0\u00bbdefault\u00a0\u00bb global_colors_info=\u00a0\u00bb{}\u00a0\u00bb][et_pb_image src=\u00a0\u00bbhttps:\/\/www.aventure-chlorophylle.com\/wp-content\/uploads\/2022\/09\/saut-depart-scaled.jpg\u00a0\u00bb alt=\u00a0\u00bb1er saut canyon cap de pount\u00a0\u00bb title_text=\u00a0\u00bbsaut d\u00e9part\u00a0\u00bb module_class=\u00a0\u00bbMSK1&Prime; _builder_version=\u00a0\u00bb4.18.0&Prime; _module_preset=\u00a0\u00bbdefault\u00a0\u00bb custom_margin=\u00a0\u00bb80px||1rem||false|false\u00a0\u00bb global_colors_info=\u00a0\u00bb{}\u00a0\u00bb][\/et_pb_image][\/et_pb_column][et_pb_column type=\u00a0\u00bb1_3&Prime; _builder_version=\u00a0\u00bb4.18.0&Prime; _module_preset=\u00a0\u00bbdefault\u00a0\u00bb global_colors_info=\u00a0\u00bb{}\u00a0\u00bb][et_pb_text _builder_version=\u00a0\u00bb4.18.0&Prime; _module_preset=\u00a0\u00bbdefault\u00a0\u00bb custom_margin=\u00a0\u00bb80px||||false|false\u00a0\u00bb global_colors_info=\u00a0\u00bb{}\u00a0\u00bb]<\/p>\n<h2 style=\"text-align: center;\" align=\"justify\">Agua dulce garantizada<\/h2>\n<p style=\"text-align: center;\" align=\"justify\">El ca\u00f1\u00f3n se encuentra detr\u00e1s <strong>una hilera de pinos enganchados<\/strong>. Situado a unos <strong>1600 m de altitud<\/strong>La combinaci\u00f3n no es excesiva:<strong> el agua es muy refrescante. <\/strong>Al ca\u00f1\u00f3n se accede subiendo por la orilla derecha por un sendero hacia el <strong>caba\u00f1a cap de pount<\/strong> d\u00f3nde comprar <strong>queso de leche de oveja.<\/strong><\/p>\n<p style=\"text-align: center;\" align=\"justify\">El primer desfile va tomando forma. <strong>A menudo se omite la primera devoluci\u00f3n de llamada<\/strong> Son posibles varias alturas, en funci\u00f3n de la profundidad. Este <strong>cascada<\/strong> tambi\u00e9n se puede descender en r\u00e1pel, pero para los no iniciados resulta bastante inc\u00f3modo.<\/p>\n<p style=\"text-align: center;\" align=\"justify\"><strong>Numerosos saltos de 1 a 4 m<\/strong> salpican un recorrido bastante resbaladizo. La decoraci\u00f3n de <strong>ollas talladas y alisadas<\/strong> por los remolinos de guijarros es notable. <strong>Un arco<\/strong>un verdadero agujero perforado a trav\u00e9s de la roca, ofrece una <strong>ventana natural sobre la cuenca<\/strong> abajo. Un poco m\u00e1s all\u00e1, una maceta agujereada con hojas muy finas deja pasar el agua y deja entrever <strong>una bonita playa para hacer picnic<\/strong>Puedes hacerlo con los pies en el agua o sobre un gran bloque de piedra caliza.<\/p>\n<p style=\"text-align: center;\" align=\"justify\">Por reservar.<\/p>\n<p>[\/et_pb_text][\/et_pb_column][et_pb_column type=\u00a0\u00bb1_3&Prime; _builder_version=\u00a0\u00bb4.18.0&Prime; _module_preset=\u00a0\u00bbdefault\u00a0\u00bb global_colors_info=\u00a0\u00bb{}\u00a0\u00bb][et_pb_image src=\u00a0\u00bbhttps:\/\/www.aventure-chlorophylle.com\/wp-content\/uploads\/2022\/09\/marmites-2022-07-15-Candice-canyon-Cap-de-pount-104-scaled.jpg\u00a0\u00bb alt=\u00a0\u00bbmarmites canyon cap de pount\u00a0\u00bb title_text=\u00a0\u00bbmarmites &#8211; 2022-07-15-Candice-canyon-Cap-de-pount (104)\u00a0\u00bb module_class=\u00a0\u00bbMSK1&Prime; _builder_version=\u00a0\u00bb4.18.0&Prime; _module_preset=\u00a0\u00bbdefault\u00a0\u00bb custom_margin=\u00a0\u00bb80px||1rem||false|false\u00a0\u00bb global_colors_info=\u00a0\u00bb{}\u00a0\u00bb][\/et_pb_image][\/et_pb_column][\/et_pb_row][et_pb_row column_structure=\u00a0\u00bb1_2,1_2&Prime; _builder_version=\u00a0\u00bb4.18.0&Prime; _module_preset=\u00a0\u00bbdefault\u00a0\u00bb global_colors_info=\u00a0\u00bb{}\u00a0\u00bb][et_pb_column type=\u00a0\u00bb1_2&Prime; _builder_version=\u00a0\u00bb4.18.0&Prime; _module_preset=\u00a0\u00bbdefault\u00a0\u00bb global_colors_info=\u00a0\u00bb{}\u00a0\u00bb][et_pb_text _builder_version=\u00a0\u00bb4.18.0&Prime; _module_preset=\u00a0\u00bbdefault\u00a0\u00bb custom_margin=\u00a0\u00bb180px||||false|false\u00a0\u00bb global_colors_info=\u00a0\u00bb{}\u00a0\u00bb]<\/p>\n<h2 style=\"text-align: center;\" align=\"justify\">La geolog\u00eda del ca\u00f1\u00f3n<\/h2>\n<p>&nbsp;<\/p>\n<p>&nbsp;<\/p>\n<p style=\"text-align: center;\" align=\"justify\">Las paredes est\u00e1n cubiertas de pinos ganchudos, supervivientes del <strong>la \u00e9poca<\/strong> <strong>glaciar<\/strong>Cuelgan en las grietas de las rocas. <strong>Es un \u00e1rbol<\/strong> <strong>end\u00f3geno de los Pirineos Orientales<\/strong>. Su h\u00e1bito, generalmente torturado, dibuja una silueta caracter\u00edstica en el cielo. Su nombre proviene de la base curvada de las escamas de sus conos brillantes.\u00a0\u00a0\u00a0\u00a0\u00a0\u00a0\u00a0\u00a0\u00a0\u00a0\u00a0\u00a0\u00a0\u00a0\u00a0\u00a0\u00a0\u00a0\u00a0\u00a0\u00a0\u00a0\u00a0\u00a0\u00a0\u00a0\u00a0\u00a0\u00a0\u00a0\u00a0\u00a0\u00a0\u00a0\u00a0\u00a0\u00a0 <strong>Puede vivir hasta 2000 a\u00f1os.<\/strong><\/p>\n<p style=\"text-align: center;\" align=\"justify\"><strong>Geol\u00f3gicamente<\/strong>el ca\u00f1\u00f3n del cabo de pount es <strong>\u00a1rico en lecciones aprendidas!<\/strong> Si el Pic du Midi d'Ossau es en realidad una peque\u00f1a parte de un enorme cr\u00e1ter que data de la era primaria, <strong>el ca\u00f1\u00f3n est\u00e1 excavado en el<\/strong> <strong>Caliza carbon\u00edfera<\/strong>. Aqu\u00ed se pueden observar varios pliegues herc\u00ednicos. Se trata de una peque\u00f1a esclusa glaciar, es decir, las rocas, m\u00e1s resistentes, no han sido erosionadas por el glaciar y el suelo rocoso es m\u00e1s alto en este punto.<\/p>\n<p>[\/et_pb_text][\/et_pb_column][et_pb_column type=\u00a0\u00bb1_2&Prime; _builder_version=\u00a0\u00bb4.18.0&Prime; _module_preset=\u00a0\u00bbdefault\u00a0\u00bb global_colors_info=\u00a0\u00bb{}\u00a0\u00bb][et_pb_image src=\u00a0\u00bbhttps:\/\/www.aventure-chlorophylle.com\/wp-content\/uploads\/2022\/09\/pins-a-crochets-2022-07-15-Candice-canyon-Cap-de-pount-123-scaled.jpg\u00a0\u00bb alt=\u00a0\u00bbpins \u00e0 crochets cap de pount\u00a0\u00bb title_text=\u00a0\u00bbpins \u00e0 crochets &#8211; 2022-07-15-Candice-canyon-Cap-de-pount (123)\u00a0\u00bb module_class=\u00a0\u00bbmsk1&Prime; _builder_version=\u00a0\u00bb4.18.0&Prime; _module_preset=\u00a0\u00bbdefault\u00a0\u00bb custom_margin=\u00a0\u00bb80px||1rem||false|false\u00a0\u00bb global_colors_info=\u00a0\u00bb{}\u00a0\u00bb][\/et_pb_image][\/et_pb_column][\/et_pb_row][et_pb_row _builder_version=\u00a0\u00bb4.18.0&Prime; _module_preset=\u00a0\u00bbdefault\u00a0\u00bb global_colors_info=\u00a0\u00bb{}\u00a0\u00bb][et_pb_column type=\u00a0\u00bb4_4&Prime; _builder_version=\u00a0\u00bb4.18.0&Prime; _module_preset=\u00a0\u00bbdefault\u00a0\u00bb global_colors_info=\u00a0\u00bb{}\u00a0\u00bb][et_pb_text _builder_version=\u00a0\u00bb4.18.0&Prime; _module_preset=\u00a0\u00bbdefault\u00a0\u00bb custom_margin=\u00a0\u00bb80px||||false|false\u00a0\u00bb global_colors_info=\u00a0\u00bb{}\u00a0\u00bb]<\/p>\n<p style=\"text-align: center;\" align=\"justify\"><strong>El final del ca\u00f1\u00f3n es obvio<\/strong>\u00a0Los muros desaparecen, \u00a1la pista y el puente est\u00e1n a s\u00f3lo 30 m! S\u00f3lo queda vestirse de seco y prepararse para el viaje de vuelta, <strong>\u00a1bajo una luz diferente!<\/strong> \u00a0\u00a0\u00a0\u00a0\u00a0\u00a0\u00a0\u00a0\u00a0\u00a0\u00a0\u00a0\u00a0\u00a0\u00a0\u00a0\u00a0\u00a0\u00a0\u00a0\u00a0\u00a0\u00a0\u00a0\u00a0\u00a0\u00a0\u00a0\u00a0\u00a0\u00a0\u00a0\u00a0\u00a0\u00a0\u00a0\u00a0\u00a0\u00a0\u00a0\u00a0\u00a0\u00a0\u00a0\u00a0\u00a0\u00a0\u00a0 Que tenga un buen d\u00eda.<\/p>\n<p>[\/et_pb_text][et_pb_text _builder_version=\u00a0\u00bb4.18.0&Prime; _module_preset=\u00a0\u00bbdefault\u00a0\u00bb global_colors_info=\u00a0\u00bb{}\u00a0\u00bb]<\/p>\n<p>Candice Piechaud, gu\u00eda de barranquismo y escalada<\/p>\n<p>[\/et_pb_text][\/et_pb_column][\/et_pb_row][\/et_pb_section]<\/p>","protected":false},"excerpt":{"rendered":"<p>Un canyon sauvage &nbsp; En une petite demi-heure depuis Laruns et 1h depuis Pau, vous acc\u00e9der au parking qui conduit \u00e0 ce tr\u00e8s joli canyon nich\u00e9 dans le Parc National des Pyr\u00e9n\u00e9es, au pied du Pic du Midi d\u2019Ossau. Si les 400m du canyon se parcourent relativement rapidement, le niveau de la sortie reste sportif [&hellip;]<\/p>","protected":false},"author":3,"featured_media":266502,"comment_status":"closed","ping_status":"closed","sticky":false,"template":"","format":"standard","meta":{"_acf_changed":false,"_et_pb_use_builder":"on","_et_pb_old_content":"","_et_gb_content_width":"","inline_featured_image":false,"footnotes":""},"categories":[1],"tags":[],"class_list":["post-266493","post","type-post","status-publish","format-standard","has-post-thumbnail","hentry","category-blog"],"acf":[],"yoast_head":"<!-- This site is optimized with the Yoast SEO plugin v26.7 - https:\/\/yoast.com\/wordpress\/plugins\/seo\/ -->\n<title>Cap de Pount - Aventure Chlorophylle<\/title>\n<meta name=\"description\" content=\"Aventure Chlorophylle, le bureau des moniteurs de sports nature de la vall\u00e9e d&#039;Ossau dans les Pyr\u00e9n\u00e9es Atlantiques (64) : canyoning, rafting, sp\u00e9l\u00e9o, escalade\" \/>\n<meta name=\"robots\" content=\"index, follow, max-snippet:-1, max-image-preview:large, max-video-preview:-1\" \/>\n<link rel=\"canonical\" href=\"https:\/\/www.aventure-chlorophylle.com\/es\/cap-de-pount\/\" \/>\n<meta property=\"og:locale\" content=\"es_ES\" \/>\n<meta property=\"og:type\" content=\"article\" \/>\n<meta property=\"og:title\" content=\"Cap de Pount - Aventure Chlorophylle\" \/>\n<meta property=\"og:description\" content=\"Aventure Chlorophylle, le bureau des moniteurs de sports nature de la vall\u00e9e d&#039;Ossau dans les Pyr\u00e9n\u00e9es Atlantiques (64) : canyoning, rafting, sp\u00e9l\u00e9o, escalade\" \/>\n<meta property=\"og:url\" content=\"https:\/\/www.aventure-chlorophylle.com\/es\/cap-de-pount\/\" \/>\n<meta property=\"og:site_name\" content=\"Aventure Chlorophylle\" \/>\n<meta property=\"article:publisher\" content=\"https:\/\/www.facebook.com\/aventurechlorophylle\" \/>\n<meta property=\"article:published_time\" content=\"2022-09-26T13:43:47+00:00\" \/>\n<meta property=\"article:modified_time\" content=\"2023-10-11T15:04:05+00:00\" \/>\n<meta property=\"og:image\" content=\"https:\/\/www.aventure-chlorophylle.com\/wp-content\/uploads\/2022\/09\/plateau-de-Bious-et-paturages-2022-07-15-Candice-canyon-Cap-de-pount-4-scaled.jpg\" \/>\n\t<meta property=\"og:image:width\" content=\"2560\" \/>\n\t<meta property=\"og:image:height\" content=\"1920\" \/>\n\t<meta property=\"og:image:type\" content=\"image\/jpeg\" \/>\n<meta name=\"author\" content=\"Alex\" \/>\n<meta name=\"twitter:card\" content=\"summary_large_image\" \/>\n<meta name=\"twitter:label1\" content=\"Escrito por\" \/>\n\t<meta name=\"twitter:data1\" content=\"Alex\" \/>\n\t<meta name=\"twitter:label2\" content=\"Tiempo de lectura\" \/>\n\t<meta name=\"twitter:data2\" content=\"6 minutos\" \/>\n<script type=\"application\/ld+json\" class=\"yoast-schema-graph\">{\"@context\":\"https:\/\/schema.org\",\"@graph\":[{\"@type\":\"Article\",\"@id\":\"https:\/\/www.aventure-chlorophylle.com\/cap-de-pount\/#article\",\"isPartOf\":{\"@id\":\"https:\/\/www.aventure-chlorophylle.com\/cap-de-pount\/\"},\"author\":{\"name\":\"Alex\",\"@id\":\"https:\/\/www.aventure-chlorophylle.com\/#\/schema\/person\/77e4da7f4c3c5be2ef2ce30a09863abe\"},\"headline\":\"Cap de Pount\",\"datePublished\":\"2022-09-26T13:43:47+00:00\",\"dateModified\":\"2023-10-11T15:04:05+00:00\",\"mainEntityOfPage\":{\"@id\":\"https:\/\/www.aventure-chlorophylle.com\/cap-de-pount\/\"},\"wordCount\":1223,\"publisher\":{\"@id\":\"https:\/\/www.aventure-chlorophylle.com\/#organization\"},\"image\":{\"@id\":\"https:\/\/www.aventure-chlorophylle.com\/cap-de-pount\/#primaryimage\"},\"thumbnailUrl\":\"https:\/\/www.aventure-chlorophylle.com\/wp-content\/uploads\/2022\/09\/plateau-de-Bious-et-paturages-2022-07-15-Candice-canyon-Cap-de-pount-4-scaled.jpg\",\"articleSection\":[\"Blog\"],\"inLanguage\":\"es\"},{\"@type\":\"WebPage\",\"@id\":\"https:\/\/www.aventure-chlorophylle.com\/cap-de-pount\/\",\"url\":\"https:\/\/www.aventure-chlorophylle.com\/cap-de-pount\/\",\"name\":\"Cap de Pount - Aventure Chlorophylle\",\"isPartOf\":{\"@id\":\"https:\/\/www.aventure-chlorophylle.com\/#website\"},\"primaryImageOfPage\":{\"@id\":\"https:\/\/www.aventure-chlorophylle.com\/cap-de-pount\/#primaryimage\"},\"image\":{\"@id\":\"https:\/\/www.aventure-chlorophylle.com\/cap-de-pount\/#primaryimage\"},\"thumbnailUrl\":\"https:\/\/www.aventure-chlorophylle.com\/wp-content\/uploads\/2022\/09\/plateau-de-Bious-et-paturages-2022-07-15-Candice-canyon-Cap-de-pount-4-scaled.jpg\",\"datePublished\":\"2022-09-26T13:43:47+00:00\",\"dateModified\":\"2023-10-11T15:04:05+00:00\",\"description\":\"Aventure Chlorophylle, le bureau des moniteurs de sports nature de la vall\u00e9e d'Ossau dans les Pyr\u00e9n\u00e9es Atlantiques (64) : canyoning, rafting, sp\u00e9l\u00e9o, escalade\",\"breadcrumb\":{\"@id\":\"https:\/\/www.aventure-chlorophylle.com\/cap-de-pount\/#breadcrumb\"},\"inLanguage\":\"es\",\"potentialAction\":[{\"@type\":\"ReadAction\",\"target\":[\"https:\/\/www.aventure-chlorophylle.com\/cap-de-pount\/\"]}]},{\"@type\":\"ImageObject\",\"inLanguage\":\"es\",\"@id\":\"https:\/\/www.aventure-chlorophylle.com\/cap-de-pount\/#primaryimage\",\"url\":\"https:\/\/www.aventure-chlorophylle.com\/wp-content\/uploads\/2022\/09\/plateau-de-Bious-et-paturages-2022-07-15-Candice-canyon-Cap-de-pount-4-scaled.jpg\",\"contentUrl\":\"https:\/\/www.aventure-chlorophylle.com\/wp-content\/uploads\/2022\/09\/plateau-de-Bious-et-paturages-2022-07-15-Candice-canyon-Cap-de-pount-4-scaled.jpg\",\"width\":2560,\"height\":1920,\"caption\":\"Plateau de Bious\"},{\"@type\":\"BreadcrumbList\",\"@id\":\"https:\/\/www.aventure-chlorophylle.com\/cap-de-pount\/#breadcrumb\",\"itemListElement\":[{\"@type\":\"ListItem\",\"position\":1,\"name\":\"Accueil\",\"item\":\"https:\/\/www.aventure-chlorophylle.com\/\"},{\"@type\":\"ListItem\",\"position\":2,\"name\":\"Cap de Pount\"}]},{\"@type\":\"WebSite\",\"@id\":\"https:\/\/www.aventure-chlorophylle.com\/#website\",\"url\":\"https:\/\/www.aventure-chlorophylle.com\/\",\"name\":\"Aventure Chlorophylle\",\"description\":\"Activit\u00e9s de Canyoning, rafting et sp\u00e9l\u00e9ologie dans les Pyr\u00e9n\u00e9es\",\"publisher\":{\"@id\":\"https:\/\/www.aventure-chlorophylle.com\/#organization\"},\"potentialAction\":[{\"@type\":\"SearchAction\",\"target\":{\"@type\":\"EntryPoint\",\"urlTemplate\":\"https:\/\/www.aventure-chlorophylle.com\/?s={search_term_string}\"},\"query-input\":{\"@type\":\"PropertyValueSpecification\",\"valueRequired\":true,\"valueName\":\"search_term_string\"}}],\"inLanguage\":\"es\"},{\"@type\":\"Organization\",\"@id\":\"https:\/\/www.aventure-chlorophylle.com\/#organization\",\"name\":\"Aventure Chlorophylle\",\"url\":\"https:\/\/www.aventure-chlorophylle.com\/\",\"logo\":{\"@type\":\"ImageObject\",\"inLanguage\":\"es\",\"@id\":\"https:\/\/www.aventure-chlorophylle.com\/#\/schema\/logo\/image\/\",\"url\":\"https:\/\/www.aventure-chlorophylle.com\/wp-content\/uploads\/2021\/04\/logo_aventure_chlorophylle.png\",\"contentUrl\":\"https:\/\/www.aventure-chlorophylle.com\/wp-content\/uploads\/2021\/04\/logo_aventure_chlorophylle.png\",\"width\":356,\"height\":392,\"caption\":\"Aventure Chlorophylle\"},\"image\":{\"@id\":\"https:\/\/www.aventure-chlorophylle.com\/#\/schema\/logo\/image\/\"},\"sameAs\":[\"https:\/\/www.facebook.com\/aventurechlorophylle\",\"https:\/\/www.instagram.com\/aventure_chlorophylle\/\"]},{\"@type\":\"Person\",\"@id\":\"https:\/\/www.aventure-chlorophylle.com\/#\/schema\/person\/77e4da7f4c3c5be2ef2ce30a09863abe\",\"name\":\"Alex\"}]}<\/script>\n<!-- \/ Yoast SEO plugin. -->","yoast_head_json":{"title":"Cap de Pount - Aventura clorof\u00edlica","description":"Aventure Chlorophylle, la oficina de monitores de deportes de naturaleza en el valle de Ossau, en los Pirineos Atl\u00e1nticos (64): barranquismo, rafting, espeleolog\u00eda, escalada...","robots":{"index":"index","follow":"follow","max-snippet":"max-snippet:-1","max-image-preview":"max-image-preview:large","max-video-preview":"max-video-preview:-1"},"canonical":"https:\/\/www.aventure-chlorophylle.com\/es\/cap-de-pount\/","og_locale":"es_ES","og_type":"article","og_title":"Cap de Pount - Aventure Chlorophylle","og_description":"Aventure Chlorophylle, le bureau des moniteurs de sports nature de la vall\u00e9e d'Ossau dans les Pyr\u00e9n\u00e9es Atlantiques (64) : canyoning, rafting, sp\u00e9l\u00e9o, escalade","og_url":"https:\/\/www.aventure-chlorophylle.com\/es\/cap-de-pount\/","og_site_name":"Aventure Chlorophylle","article_publisher":"https:\/\/www.facebook.com\/aventurechlorophylle","article_published_time":"2022-09-26T13:43:47+00:00","article_modified_time":"2023-10-11T15:04:05+00:00","og_image":[{"width":2560,"height":1920,"url":"https:\/\/www.aventure-chlorophylle.com\/wp-content\/uploads\/2022\/09\/plateau-de-Bious-et-paturages-2022-07-15-Candice-canyon-Cap-de-pount-4-scaled.jpg","type":"image\/jpeg"}],"author":"Alex","twitter_card":"summary_large_image","twitter_misc":{"Escrito por":"Alex","Tiempo de lectura":"6 minutos"},"schema":{"@context":"https:\/\/schema.org","@graph":[{"@type":"Article","@id":"https:\/\/www.aventure-chlorophylle.com\/cap-de-pount\/#article","isPartOf":{"@id":"https:\/\/www.aventure-chlorophylle.com\/cap-de-pount\/"},"author":{"name":"Alex","@id":"https:\/\/www.aventure-chlorophylle.com\/#\/schema\/person\/77e4da7f4c3c5be2ef2ce30a09863abe"},"headline":"Cap de Pount","datePublished":"2022-09-26T13:43:47+00:00","dateModified":"2023-10-11T15:04:05+00:00","mainEntityOfPage":{"@id":"https:\/\/www.aventure-chlorophylle.com\/cap-de-pount\/"},"wordCount":1223,"publisher":{"@id":"https:\/\/www.aventure-chlorophylle.com\/#organization"},"image":{"@id":"https:\/\/www.aventure-chlorophylle.com\/cap-de-pount\/#primaryimage"},"thumbnailUrl":"https:\/\/www.aventure-chlorophylle.com\/wp-content\/uploads\/2022\/09\/plateau-de-Bious-et-paturages-2022-07-15-Candice-canyon-Cap-de-pount-4-scaled.jpg","articleSection":["Blog"],"inLanguage":"es"},{"@type":"WebPage","@id":"https:\/\/www.aventure-chlorophylle.com\/cap-de-pount\/","url":"https:\/\/www.aventure-chlorophylle.com\/cap-de-pount\/","name":"Cap de Pount - Aventura clorof\u00edlica","isPartOf":{"@id":"https:\/\/www.aventure-chlorophylle.com\/#website"},"primaryImageOfPage":{"@id":"https:\/\/www.aventure-chlorophylle.com\/cap-de-pount\/#primaryimage"},"image":{"@id":"https:\/\/www.aventure-chlorophylle.com\/cap-de-pount\/#primaryimage"},"thumbnailUrl":"https:\/\/www.aventure-chlorophylle.com\/wp-content\/uploads\/2022\/09\/plateau-de-Bious-et-paturages-2022-07-15-Candice-canyon-Cap-de-pount-4-scaled.jpg","datePublished":"2022-09-26T13:43:47+00:00","dateModified":"2023-10-11T15:04:05+00:00","description":"Aventure Chlorophylle, la oficina de monitores de deportes de naturaleza en el valle de Ossau, en los Pirineos Atl\u00e1nticos (64): barranquismo, rafting, espeleolog\u00eda, escalada...","breadcrumb":{"@id":"https:\/\/www.aventure-chlorophylle.com\/cap-de-pount\/#breadcrumb"},"inLanguage":"es","potentialAction":[{"@type":"ReadAction","target":["https:\/\/www.aventure-chlorophylle.com\/cap-de-pount\/"]}]},{"@type":"ImageObject","inLanguage":"es","@id":"https:\/\/www.aventure-chlorophylle.com\/cap-de-pount\/#primaryimage","url":"https:\/\/www.aventure-chlorophylle.com\/wp-content\/uploads\/2022\/09\/plateau-de-Bious-et-paturages-2022-07-15-Candice-canyon-Cap-de-pount-4-scaled.jpg","contentUrl":"https:\/\/www.aventure-chlorophylle.com\/wp-content\/uploads\/2022\/09\/plateau-de-Bious-et-paturages-2022-07-15-Candice-canyon-Cap-de-pount-4-scaled.jpg","width":2560,"height":1920,"caption":"Plateau de Bious"},{"@type":"BreadcrumbList","@id":"https:\/\/www.aventure-chlorophylle.com\/cap-de-pount\/#breadcrumb","itemListElement":[{"@type":"ListItem","position":1,"name":"Accueil","item":"https:\/\/www.aventure-chlorophylle.com\/"},{"@type":"ListItem","position":2,"name":"Cap de Pount"}]},{"@type":"WebSite","@id":"https:\/\/www.aventure-chlorophylle.com\/#website","url":"https:\/\/www.aventure-chlorophylle.com\/","name":"Aventura clorof\u00edlica","description":"Barranquismo, rafting y espeleolog\u00eda en los Pirineos","publisher":{"@id":"https:\/\/www.aventure-chlorophylle.com\/#organization"},"potentialAction":[{"@type":"SearchAction","target":{"@type":"EntryPoint","urlTemplate":"https:\/\/www.aventure-chlorophylle.com\/?s={search_term_string}"},"query-input":{"@type":"PropertyValueSpecification","valueRequired":true,"valueName":"search_term_string"}}],"inLanguage":"es"},{"@type":"Organization","@id":"https:\/\/www.aventure-chlorophylle.com\/#organization","name":"Aventura clorof\u00edlica","url":"https:\/\/www.aventure-chlorophylle.com\/","logo":{"@type":"ImageObject","inLanguage":"es","@id":"https:\/\/www.aventure-chlorophylle.com\/#\/schema\/logo\/image\/","url":"https:\/\/www.aventure-chlorophylle.com\/wp-content\/uploads\/2021\/04\/logo_aventure_chlorophylle.png","contentUrl":"https:\/\/www.aventure-chlorophylle.com\/wp-content\/uploads\/2021\/04\/logo_aventure_chlorophylle.png","width":356,"height":392,"caption":"Aventure Chlorophylle"},"image":{"@id":"https:\/\/www.aventure-chlorophylle.com\/#\/schema\/logo\/image\/"},"sameAs":["https:\/\/www.facebook.com\/aventurechlorophylle","https:\/\/www.instagram.com\/aventure_chlorophylle\/"]},{"@type":"Person","@id":"https:\/\/www.aventure-chlorophylle.com\/#\/schema\/person\/77e4da7f4c3c5be2ef2ce30a09863abe","name":"Alex"}]}},"_links":{"self":[{"href":"https:\/\/www.aventure-chlorophylle.com\/es\/wp-json\/wp\/v2\/posts\/266493","targetHints":{"allow":["GET"]}}],"collection":[{"href":"https:\/\/www.aventure-chlorophylle.com\/es\/wp-json\/wp\/v2\/posts"}],"about":[{"href":"https:\/\/www.aventure-chlorophylle.com\/es\/wp-json\/wp\/v2\/types\/post"}],"author":[{"embeddable":true,"href":"https:\/\/www.aventure-chlorophylle.com\/es\/wp-json\/wp\/v2\/users\/3"}],"replies":[{"embeddable":true,"href":"https:\/\/www.aventure-chlorophylle.com\/es\/wp-json\/wp\/v2\/comments?post=266493"}],"version-history":[{"count":4,"href":"https:\/\/www.aventure-chlorophylle.com\/es\/wp-json\/wp\/v2\/posts\/266493\/revisions"}],"predecessor-version":[{"id":268205,"href":"https:\/\/www.aventure-chlorophylle.com\/es\/wp-json\/wp\/v2\/posts\/266493\/revisions\/268205"}],"wp:featuredmedia":[{"embeddable":true,"href":"https:\/\/www.aventure-chlorophylle.com\/es\/wp-json\/wp\/v2\/media\/266502"}],"wp:attachment":[{"href":"https:\/\/www.aventure-chlorophylle.com\/es\/wp-json\/wp\/v2\/media?parent=266493"}],"wp:term":[{"taxonomy":"category","embeddable":true,"href":"https:\/\/www.aventure-chlorophylle.com\/es\/wp-json\/wp\/v2\/categories?post=266493"},{"taxonomy":"post_tag","embeddable":true,"href":"https:\/\/www.aventure-chlorophylle.com\/es\/wp-json\/wp\/v2\/tags?post=266493"}],"curies":[{"name":"wp","href":"https:\/\/api.w.org\/{rel}","templated":true}]}}