{"id":266801,"date":"2023-03-06T15:04:56","date_gmt":"1999-01-01T00:00:00","guid":{"rendered":"https:\/\/www.aventure-chlorophylle.com\/?p=266801"},"modified":"2023-05-10T13:03:56","modified_gmt":"2023-05-10T11:03:56","slug":"la-vallee-dossau-toda-una-historia","status":"publish","type":"post","link":"https:\/\/www.aventure-chlorophylle.com\/es\/la-vallee-dossau-toda-una-historia\/","title":{"rendered":"El valle de Ossau, toda una Historia"},"content":{"rendered":"<p>[et_pb_section fb_built=\"1\u2033 admin_label=\"section \" _builder_version=\"4.16\u2033 global_colors_info=\"{} \"][et_pb_row admin_label=\"row \" _builder_version=\"4.16\u2033 background_size=\"initial \" background_position=\"top_left \" background_repeat=\"repeat \" global_colors_info=\"{} \"][et_pb_column type=\"4_4\u2033 _builder_version=\"4.16\u2033 custom_padding=\"||| \" global_colors_info=\"{} \" custom_padding__hover=\"||| \"][et_pb_text _builder_version=\"4.20.4\u2033 _module_preset=\"default \" custom_margin=\"60px||60px||false|false \" hover_enabled=\"0\u2033 global_colors_info=\"{} \" sticky_enabled=\"0\u2033]<\/p>\n<h2 style=\"text-align: center;\">En<strong> Bearnesa Pirineos<\/strong> se componen de 3 valles: el valle del Aspe, el valle del Bar\u00e9tous y el <strong>valle<\/strong> <strong>d'Ossau<\/strong>.<\/h2>\n<p style=\"text-align: center;\">El valle de Ossau est\u00e1 idealmente rodeado por Espa\u00f1a, el Pa\u00eds Vasco y los Altos Pirineos, y a s\u00f3lo 3 horas en coche de Burdeos y Toulouse. El valle de Ossau se extiende desde R\u00e9b\u00e9nacq (a 15 km de Pau) hasta el puerto de Pourtalet (en la frontera espa\u00f1ola).<\/p>\n<p>[\/et_pb_text][\/et_pb_column][\/et_pb_row][et_pb_row column_structure=\"1_2,1_2\u2033 _builder_version=\"4.18.0\u2033 _module_preset=\"default \" global_colors_info=\"{} \"][et_pb_column type=\"1_2\u2033 _builder_version=\"4.18.0\u2033 _module_preset=\"default \" global_colors_info=\"{} \"][et_pb_text _builder_version=\"4.18.0\u2033 _module_preset=\"default \" custom_margin=\"80px||80px|||false|false \" global_colors_info=\"{} \"]<\/p>\n<h2 style=\"text-align: center;\">La Edad de Hielo<\/h2>\n<p>&nbsp;<\/p>\n<p align=\"left\"><span style=\"font-family: Liberation Serif, serif;\"><span style=\"font-size: medium;\">\"T\u00edpico valle glaciar, el valle de Ossau se form\u00f3 a finales del Terciario. Cuatro glaciares se re\u00fanen a la altura de Laruns y han excavado respectivamente el valle Valentin (del Aubisque y del Ger), el Soussou\u00e9ou (del Lurien, del Pallas y del Ariel), el Broussette (del Ossau por el lado este y del circo de An\u00e8u) y el Bious (del Ossau por el lado oeste y del circo de Ayous).<\/span><\/span><\/p>\n<p>El circo de An\u00e8u, \"el lugar de las nieves\", en la frontera con Espa\u00f1a, es uno de los dep\u00f3sitos de hielo que sirvieron de matriz para el avance del glaciar. Como una apisonadora de hielo de m\u00e1s de 500 metros de espesor, el glaciar lo sacudi\u00f3 todo a su paso, aplanando el fondo del valle, dibujando para siempre su perfil en \"U\" o \"artesa\" en su parte inferior, con un fondo ancho (1.800 metros de ancho en Laruns, 3.500 en Arudy), que a veces se estrecha en algunas esclusas (Geteu, Castet). Este terreno ser\u00e1 especialmente favorable para las actividades agr\u00edcolas. Extracto de equipyrene.com<\/p>\n<p align=\"left\"><span style=\"font-size: medium;\"><span style=\"font-family: Liberation Serif, serif;\">\"\u00a0<\/span><span style=\"font-family: Liberation Serif, serif;\">La presencia humana est\u00e1 atestiguada en Ossau desde el final de la \u00faltima glaciaci\u00f3n. Las cuevas de Saint-Michel en Arudy, Espalungue y Malarode han mostrado vestigios de la revoluci\u00f3n neol\u00edtica. <\/span><\/span><span style=\"font-family: Liberation Serif, serif;\"><span style=\"font-size: medium;\">Extracto de ausso.org Michel CAUHAPE<\/span><\/span><\/p>\n<p>[et_pb_text][\/et_pb_column][et_pb_column type=\"1_2\u2033 _builder_version=\"4.18.0\u2033 _module_preset=\"default \" global_colors_info=\"{} \"][et_pb_image src= \"https:\/\/www.aventure-chlorophylle.com\/wp-content\/uploads\/2022\/10\/carte-vallee.png \" alt= \"situer la vall\u00e9e d'Ossau \" title_text=\"carte vall\u00e9e \" _builder_version=\"4.18.0\u2033 _module_preset=\"default \" custom_margin=\"250px||150px||false|false \" global_colors_info=\"{} \"][\/et_pb_image][\/et_pb_column][\/et_pb_row][et_pb_row column_structure=\"1_2,1_2\u2033 _builder_version=\"4.18.0\u2033 _module_preset=\"default \" global_colors_info=\"{} \"][et_pb_column type=\"1_2\u2033 _builder_version=\"4.18.0\u2033 _module_preset=\"default \" global_colors_info=\"{} \"][et_pb_image src= \"https:\/\/www.aventure-chlorophylle.com\/wp-content\/uploads\/2022\/10\/Logo-CSHO.png \" alt=\"Blason de la vall\u00e9e d'Ossau\" title_text=\"Logo-CSHO\" _builder_version=\"4.18.0\u2033 _module_preset=\"default \" custom_margin=\"50px||60px||false|false \" global_colors_info=\"{} \"][\/et_pb_image][\/et_pb_column][et_pb_column type=\"1_2\u2033 _builder_version=\"4.18.0\u2033 _module_preset=\"default \" global_colors_info=\"{} \"][et_pb_text _builder_version=\"4.18.0\u2033 _module_preset=\"default \" custom_margin=\"60px||60px|||false|false \" global_colors_info=\"{} \"]<\/p>\n<h2 style=\"text-align: center;\">Pastoralismo<\/h2>\n<p>&nbsp;<\/p>\n<p style=\"text-align: center;\" align=\"left\"><span style=\"font-family: Liberation Serif, serif;\"><span style=\"font-size: medium;\">\"Poblado por <strong>tribus de cazadores-recolectores<\/strong> entonces <strong>de criadores<\/strong> Desde la prehistoria (numerosos t\u00famulos, cromlechs y otros vestigios protohist\u00f3ricos est\u00e1n presentes en la zona), Laruns y el alto valle de Ossau han conocido un largo per\u00edodo de desarrollo, basado esencialmente en el desarrollo del<strong>econom\u00eda agropastoral<\/strong>. \" <\/span><\/span><\/p>\n<p style=\"text-align: center;\" align=\"left\">Hacia 1187, \"\u00a0<strong>un modo de gobernanza local y pionero<\/strong>\u00a0\" (de Laruns.fr) aparece: es el <strong>Jurade d'Ossau<\/strong>. Compuesto por <strong>8 representantes de los municipios de Haut-Ossau<\/strong>elegidos por los jefes de las familias de Ossalois, el Jurado se reun\u00eda en una peque\u00f1a sala llamada el <strong>Segrari,<\/strong> junto a la iglesia de Bielle. Su funci\u00f3n era <strong>salvaguardar los intereses de sus habitantes<\/strong>, <strong>garantizar el cumplimiento de los tratados<\/strong> <strong>pastoral y justicia en asuntos locales.<\/strong><\/p>\n<p style=\"text-align: center;\" align=\"left\"><span style=\"font-size: medium;\"><span style=\"font-family: Liberation Serif, serif;\">\"Fue en esta \u00e9poca cuando el Pont-Long, una vasta zona de p\u00e1ramos h\u00famedos al norte de Pau, fue <strong>utilizado por los criadores de Ossau durante el invierno.<\/strong> Esta zona se convertir\u00e1 gradualmente <strong>propiedad de los habitantes del valle<\/strong>ahora representada por el <strong>Sindicato del Alto Osau<\/strong>. Todav\u00eda propiedad de los municipios de Haut-Ossau, el Pont-Long es hoy en d\u00eda <strong>la mayor explotaci\u00f3n de los Pirineos Atl\u00e1nticos<\/strong> y, con sus empresas ubicadas en un parque empresarial, uno de los principales centros econ\u00f3micos de Bearn.<\/span><span style=\"font-family: Liberation Serif, serif;\">a granja de long bridge, <strong>explotaci\u00f3n<\/strong> <strong>tierras agr\u00edcolas de casi 800 ha<\/strong> de la Commission Syndicale du Haut-Ossau a las puertas de Pau. Los principales cultivos son el ma\u00edz, los prados y la cebada. La explotaci\u00f3n suministra cada a\u00f1o 650 toneladas de heno, 365 toneladas de rega\u00f1\u00e1, 160 toneladas de paja, 988 toneladas de ma\u00edz en grano y 70 toneladas de cebada. Extracto de Lehautossau.fr<\/span><\/span><\/p>\n<p>\u00a0 [et_pb_text][\/et_pb_column][\/et_pb_row][et_pb_row _builder_version=\"4.18.0\u2033 _module_preset=\"default \" global_colors_info=\"{} \"][et_pb_column type=\"4_4\u2033 _builder_version=\"4.18.0\u2033 _module_preset=\"default \" global_colors_info=\"{} \"][et_pb_text _builder_version=\"4.18.0\u2033 _module_preset=\"default \" custom_margin=\"80px||80px|||false|false \" global_colors_info=\"{} \"]<\/p>\n<h2 style=\"text-align: center;\">Un valle independiente<\/h2>\n<p>&nbsp;<\/p>\n<p align=\"left\"><span style=\"font-size: medium;\"><span style=\"font-family: Liberation Serif, serif;\">\"Aqu\u00ed las tradiciones son fuertes. Hist\u00f3ricamente, la <\/span><strong><span style=\"font-family: Liberation Serif, serif;\">B\u00e9arn <\/span><\/strong><span style=\"font-family: Liberation Serif, serif;\">no se incorpor\u00f3 a Francia hasta el siglo XVII. En consecuencia, el <\/span><strong><span style=\"font-family: Liberation Serif, serif;\">B\u00e9arn<\/span><\/strong><span style=\"font-family: Liberation Serif, serif;\"> y por tanto el <\/span><strong><span style=\"font-family: Liberation Serif, serif;\">Valle de Ossau<\/span><\/strong><span style=\"font-family: Liberation Serif, serif;\"> Conservan sus propias tradiciones y cultura. <\/span><\/span><\/p>\n<p align=\"left\"><span style=\"font-family: Liberation Serif, serif;\"><span style=\"font-size: medium;\">El 15 de octubre de 1620, Luis XIII invade Bearn y entra en Pau. Cinco d\u00edas m\u00e1s tarde, public\u00f3 un edicto para \"unir e incorporar Bearn y Navarra a la corona de Francia\". B\u00e9arn perdi\u00f3 entonces su independencia (reivindicada por Gaston Febus en 1347)... pero los bearneses no perdieron su cultura ni su identidad \u00fanica. <\/span><\/span><\/p>\n<p align=\"left\"><span style=\"font-family: Liberation Serif, serif;\"><span style=\"font-size: medium;\">de gourette.com<\/span><\/span><\/p>\n<p align=\"left\"><span style=\"font-family: Liberation Serif, serif;\"><span style=\"font-size: medium;\">La vaca es el emblema del valle de Ossau<\/span><\/span><\/p>\n<p><strong>\"El escudo actual existe desde 1817. Seg\u00fan el Dr. Vastel, debe su origen a una \"famosa\" pelea entre un oso y una vaca en las monta\u00f1as de Beost. <\/strong> En el escudo figuran la flor de lis (s\u00edmbolo de la realeza francesa), las palabras \"BEARN\" y \"VIVE LA VACA\" (viva la vaca, grito de guerra de los bearneses). Las dos vacas representan el escudo de B\u00e9arn. La vaca representa a Bearn, el oso al valle y el \u00e1rbol a la justicia. La lucha encarnizada entre estos dos animales podr\u00eda evocar la lucha secular de los Ossalois contra los B\u00e9arnais para proteger sus tierras de Pont Long. Ot vall\u00e9e d'ossau pyr\u00e9nees [\/et_pb_text][\/et_pb_column][\/et_pb_row][et_pb_row column_structure=\"1_2,1_2\u2033 _builder_version=\"4.18.0\u2033 _module_preset=\"default \" global_colors_info=\"{} \"][et_pb_column type=\"1_2\u2033 _builder_version=\"4.18.0\u2033 _module_preset=\"default \" global_colors_info=\"{} \"][et_pb_image src= \"https:\/\/www.aventure-chlorophylle.com\/wp-content\/uploads\/2022\/10\/Mines-Anglas2-OT-Gourette.jpg \" alt= \"Mines d'Anglas \u00e0 Gourette \" title_text=\"Mines-Anglas2-OT-Gourette \" _builder_version=\"4.18.0\u2033 _module_preset=\"default \" global_colors_info=\"{} \"][\/et_pb_image][\/et_pb_column][et_pb_column type=\"1_2\u2033 _builder_version=\"4.18.0\u2033 _module_preset=\"default \" global_colors_info=\"{} \"][et_pb_text _builder_version=\"4.18.0\u2033 _module_preset=\"default \" custom_margin=\"30px||50px|||false|false \" global_colors_info=\"{} \"]<\/p>\n<h2 style=\"text-align: center;\">Explotaci\u00f3n de recursos<\/h2>\n<p>&nbsp;<\/p>\n<p style=\"text-align: center;\" align=\"left\">El subsuelo pirenaico es un <strong>grandes, ricos y variados recursos minerales<\/strong>.<\/p>\n<p style=\"text-align: center;\" align=\"left\">A partir del siglo XVII, <strong>la industria minera en el valle de Ossau<\/strong> est\u00e1 desarrollando con <strong>hierro<\/strong> (en el municipio de Louvie-Soubiron, en el valle del Ouzom) y <strong>cobre<\/strong> en la parte alta del valle y luego con <strong>el<\/strong> <strong>canteras de m\u00e1rmol blanco<\/strong> en el sector de Arudy. Restos de estas explotaciones mineras pueden verse en particular cerca del lago de Anglas en Gourette.<\/p>\n<p style=\"text-align: center;\" align=\"left\"><strong>Laruns,<\/strong> pueblo de Alta Osetia a un <strong>superficie de 250 Km2<\/strong>lo que la convierte en la <strong>tercer municipio de Francia metropolitana<\/strong> en t\u00e9rminos de superficie. Laruns, tiene muchas aldeas y comunas, pero tambi\u00e9n un gran <strong>recurso forestal<\/strong>. En el siglo XVIII, la explotaci\u00f3n forestal permiti\u00f3 <strong>la construcci\u00f3n de m\u00e1stiles para los buques de la Marina Real de Luis XIV.<\/strong> Pasadizos excavados en la ladera de los acantilados permitir\u00e1n que la madera sea arrastrada por bueyes, como los caminos del m\u00e1stil en el valle de Aspe.<\/p>\n<p style=\"text-align: center;\" align=\"left\">[et_pb_text][\/et_pb_column][\/et_pb_row][et_pb_row column_structure=\"1_2,1_2\u2033 _builder_version=\"4.18.0\u2033 _module_preset=\"default \" global_colors_info=\"{} \"][et_pb_column type=\"1_2\u2033 _builder_version=\"4.18.0\u2033 _module_preset=\"default \" global_colors_info=\"{} \"][et_pb_image src= \"https:\/\/www.aventure-chlorophylle.com\/wp-content\/uploads\/2022\/10\/therme-a-obone.png \" alt= \"Le thermalisme \u00e0 Eaux-Bonnes \" title_text=\"Thermalisme \u00e0 Eaux-Bonnes \" _builder_version=\"4.18.0\u2033 _module_preset=\"default \" custom_margin=\"60px||60px||false|false \" global_colors_info=\"{} \"][\/et_pb_image][\/et_pb_column][et_pb_column type=\"1_2\u2033 _builder_version=\"4.18.0\u2033 _module_preset=\"default \" global_colors_info=\"{} \"][et_pb_text _builder_version=\"4.18.0\u2033 _module_preset=\"default \" custom_margin=\"80px||80px|||false|false \" global_colors_info=\"{} \"]<\/p>\n<h2 style=\"text-align: center;\">Termalismo<\/h2>\n<p style=\"text-align: center;\" align=\"left\">\n<p style=\"text-align: center;\">En el origen del desarrollo del termalismo, Napole\u00f3n III y su esposa Eugenia atrajeron a toda la aristocracia a descubrir las aguas termales de los pueblos de Eaux-Bonnes y Eaux-Chaudes.<\/p>\n<p style=\"text-align: center;\">El siglo XIX fue el siglo de oro para estos balnearios, pero tambi\u00e9n para todo el valle, con nuevas construcciones como la estaci\u00f3n de Laruns, suntuosos edificios de estilo Segundo Imperio.<\/p>\n<p style=\"text-align: center;\">El desarrollo del balneario tambi\u00e9n propici\u00f3 que una poblaci\u00f3n adinerada y curiosa quisiera explorar las monta\u00f1as y escalar las cumbres, lo que supuso el comienzo de la fama de algunos gu\u00edas de monta\u00f1a locales.<\/p>\n<p style=\"text-align: center;\" align=\"left\">[\/et_pb_text][\/et_pb_column][\/et_pb_row][et_pb_row column_structure=\"1_2,1_2\u2033 _builder_version=\"4.18.0\u2033 _module_preset=\"default \" global_colors_info=\"{} \"][et_pb_column type=\"1_2\u2033 _builder_version=\"4.18.0\u2033 _module_preset=\"default \" global_colors_info=\"{} \"][et_pb_image src= \"https:\/\/www.aventure-chlorophylle.com\/wp-content\/uploads\/2022\/10\/1412671318-Gourette-sports-hiver-2.jpg \" alt= \"Los inicios de Gourette \" title_text= \"Los inicios de Gourette \" _builder_version=\"4.18.0\u2033 _module_preset=\"default \" custom_margin=\"100px||60px||false|false \" global_colors_info=\"{} \"][\/et_pb_image][\/et_pb_column][et_pb_column type=\"1_2\u2033 _builder_version=\"4.18.0\u2033 _module_preset=\"default \" global_colors_info=\"{} \"][et_pb_text _builder_version=\"4.18.0\u2033 _module_preset=\"default \" custom_margin=\"80px||80px|||false|false \" global_colors_info=\"{} \"]<\/p>\n<h2 style=\"text-align: center;\">Desarrollo econ\u00f3mico y tur\u00edstico<\/h2>\n<p style=\"text-align: center;\" align=\"left\">\n<p style=\"text-align: center;\">A principios del siglo XX, la <strong>Compa\u00f1\u00eda de Ferrocarriles del Midi<\/strong> prev\u00e9 la construcci\u00f3n de<strong>centrales hidroel\u00e9ctricas<\/strong> para electrificar su red ferroviaria pirenaica. En 1920, en el valle de Ossau, la empresa construy\u00f3 una l\u00ednea de ferrocarril de 314 metros de longitud en Sagette para facilitar la construcci\u00f3n de la presa. <strong>El tren Artouste, <\/strong>que primero fue un tren de obras antes de convertirse en un peque\u00f1o tren tur\u00edstico, transport\u00f3 hombres y material durante 8 a\u00f1os. Muchos <strong>presas y oleoductos siguen funcionando hoy en d\u00eda.<\/strong><\/p>\n<p style=\"text-align: center;\" align=\"left\">Al mismo tiempo, se desarrollaron las estaciones de esqu\u00ed de Gourette y Artouste. Gracias a su reputaci\u00f3n y su frecuentaci\u00f3n, la estaci\u00f3n termal de Eaux-Bonnes acogi\u00f3 en 1908 el primer concurso internacional de esqu\u00ed de los Pirineos. Incluso se crearon en Eaux-Bonnes una pista de esqu\u00ed y una pista de hielo. Pero es en los a\u00f1os 30 cuando aparece la estaci\u00f3n de esqu\u00ed de Gourette y lo que s\u00f3lo eran pastos y centro minero ver\u00e1 evolucionar su fisonom\u00eda con la llegada de esquiadores de la burgues\u00eda local y bordelesa.<\/p>\n<p style=\"text-align: center;\">En la actualidad, la actividad econ\u00f3mica local sigue bas\u00e1ndose en la <strong>pastoreo<\/strong>, l'<strong>silvicultura<\/strong>s, el <strong>centrales hidroel\u00e9ctricas<\/strong> (SHEM), la <strong>ba\u00f1os termales<\/strong> y el<strong> estaciones de esqu\u00ed<\/strong> de Gourette y Artouste.<\/p>\n<p style=\"text-align: center;\" align=\"left\">\n<p align=\"left\">[et_pb_text][\/et_pb_column][\/et_pb_row][et_pb_row _builder_version=\"4.18.0\u2033 _module_preset=\"default \" global_colors_info=\"{} \"][et_pb_column type=\"4_4\u2033 _builder_version=\"4.18.0\u2033 _module_preset=\"default \" global_colors_info=\"{} \"][et_pb_text _builder_version=\"4.18.0\u2033 _module_preset=\"default \" custom_margin=\"60px||||false|false \" global_colors_info=\"{} \"]<\/p>\n<h2 style=\"text-align: center;\">Pirine\u00edsmo<\/h2>\n<p align=\"left\">\n<p style=\"text-align: center;\" align=\"left\"><span style=\"font-family: Liberation Serif, serif;\"><span style=\"font-size: medium;\">Pirine\u00edsmo: \"escalar, escribir y sentir\" Henri BERALDI en el origen de la palabra en su libro <em>cien a\u00f1os en los Pirineos.<\/em><i> <\/i><\/span><\/span><\/p>\n<p style=\"text-align: center;\" align=\"left\"><span style=\"font-family: Liberation Serif, serif;\"><span style=\"font-size: medium;\"><em>\"El ideal del pirine\u00edsta es poder <\/em><strong>ascender, escribir y sentir<\/strong><em>. Si escribe sin subir, no puede hacer nada. Si sube sin escribir, no deja nada. Si, mientras sube, relata secamente, no deja m\u00e1s que un documento, que puede ser de gran inter\u00e9s. Si -cosa rara- sube, escribe y siente, si en una palabra es el pintor de una naturaleza especial, el pintor de la monta\u00f1a, deja un libro verdadero y admirable.<\/em><\/span><\/span><\/p>\n<p align=\"left\">[\/et_pb_text][\/et_pb_column][\/et_pb_row][\/et_pb_section]<\/p>","protected":false},"excerpt":{"rendered":"<p>Los Pirineos Bearneses est\u00e1n formados por 3 valles: el valle de Aspe, el valle de Bar\u00e9tous y el valle de Ossau. A s\u00f3lo 3 horas en coche de Burdeos y Toulouse, el valle de Ossau est\u00e1 idealmente rodeado por Espa\u00f1a, el Pa\u00eds Vasco y los Altos Pirineos. El valle de Ossau se extiende desde R\u00e9b\u00e9nacq (a 15 km de Pau) hasta el puerto de Pourtalet [...].<\/p>","protected":false},"author":3,"featured_media":266826,"comment_status":"closed","ping_status":"closed","sticky":false,"template":"","format":"standard","meta":{"_acf_changed":false,"_et_pb_use_builder":"on","_et_pb_old_content":"","_et_gb_content_width":"","inline_featured_image":false,"footnotes":""},"categories":[1],"tags":[],"class_list":["post-266801","post","type-post","status-publish","format-standard","has-post-thumbnail","hentry","category-blog"],"acf":[],"yoast_head":"<!-- This site is optimized with the Yoast SEO plugin v26.7 - https:\/\/yoast.com\/wordpress\/plugins\/seo\/ -->\n<title>La vall\u00e9e d&#039;Ossau, toute une Histoire - Aventure Chlorophylle<\/title>\n<meta name=\"description\" content=\"Aventure Chlorophylle, le bureau des moniteurs de sports nature de la vall\u00e9e d&#039;Ossau dans les Pyr\u00e9n\u00e9es Atlantiques (64) : canyoning, rafting, sp\u00e9l\u00e9o, escalade\" \/>\n<meta name=\"robots\" content=\"index, follow, max-snippet:-1, max-image-preview:large, max-video-preview:-1\" \/>\n<link rel=\"canonical\" href=\"https:\/\/www.aventure-chlorophylle.com\/es\/la-vallee-dossau-toda-una-historia\/\" \/>\n<meta property=\"og:locale\" content=\"es_ES\" \/>\n<meta property=\"og:type\" content=\"article\" \/>\n<meta property=\"og:title\" content=\"La vall\u00e9e d&#039;Ossau, toute une Histoire - Aventure Chlorophylle\" \/>\n<meta property=\"og:description\" content=\"Aventure Chlorophylle, le bureau des moniteurs de sports nature de la vall\u00e9e d&#039;Ossau dans les Pyr\u00e9n\u00e9es Atlantiques (64) : canyoning, rafting, sp\u00e9l\u00e9o, escalade\" \/>\n<meta property=\"og:url\" content=\"https:\/\/www.aventure-chlorophylle.com\/es\/la-vallee-dossau-toda-una-historia\/\" \/>\n<meta property=\"og:site_name\" content=\"Aventure Chlorophylle\" \/>\n<meta property=\"article:publisher\" content=\"https:\/\/www.facebook.com\/aventurechlorophylle\" \/>\n<meta property=\"article:published_time\" content=\"1999-01-01T00:00:00+00:00\" \/>\n<meta property=\"article:modified_time\" content=\"2023-05-10T11:03:56+00:00\" \/>\n<meta property=\"og:image\" content=\"https:\/\/www.aventure-chlorophylle.com\/wp-content\/uploads\/2022\/10\/panorama.jpg\" \/>\n\t<meta property=\"og:image:width\" content=\"1921\" \/>\n\t<meta property=\"og:image:height\" content=\"700\" \/>\n\t<meta property=\"og:image:type\" content=\"image\/jpeg\" \/>\n<meta name=\"author\" content=\"Alex\" \/>\n<meta name=\"twitter:card\" content=\"summary_large_image\" \/>\n<meta name=\"twitter:label1\" content=\"Escrito por\" \/>\n\t<meta name=\"twitter:data1\" content=\"Alex\" \/>\n\t<meta name=\"twitter:label2\" content=\"Tiempo de lectura\" \/>\n\t<meta name=\"twitter:data2\" content=\"11 minutos\" \/>\n<script type=\"application\/ld+json\" class=\"yoast-schema-graph\">{\"@context\":\"https:\/\/schema.org\",\"@graph\":[{\"@type\":\"Article\",\"@id\":\"https:\/\/www.aventure-chlorophylle.com\/la-vallee-dossau-toute-une-histoire\/#article\",\"isPartOf\":{\"@id\":\"https:\/\/www.aventure-chlorophylle.com\/la-vallee-dossau-toute-une-histoire\/\"},\"author\":{\"name\":\"Alex\",\"@id\":\"https:\/\/www.aventure-chlorophylle.com\/#\/schema\/person\/77e4da7f4c3c5be2ef2ce30a09863abe\"},\"headline\":\"La vall\u00e9e d&rsquo;Ossau, toute une Histoire\",\"datePublished\":\"1999-01-01T00:00:00+00:00\",\"dateModified\":\"2023-05-10T11:03:56+00:00\",\"mainEntityOfPage\":{\"@id\":\"https:\/\/www.aventure-chlorophylle.com\/la-vallee-dossau-toute-une-histoire\/\"},\"wordCount\":2259,\"publisher\":{\"@id\":\"https:\/\/www.aventure-chlorophylle.com\/#organization\"},\"image\":{\"@id\":\"https:\/\/www.aventure-chlorophylle.com\/la-vallee-dossau-toute-une-histoire\/#primaryimage\"},\"thumbnailUrl\":\"https:\/\/www.aventure-chlorophylle.com\/wp-content\/uploads\/2022\/10\/panorama.jpg\",\"articleSection\":[\"Blog\"],\"inLanguage\":\"es\"},{\"@type\":\"WebPage\",\"@id\":\"https:\/\/www.aventure-chlorophylle.com\/la-vallee-dossau-toute-une-histoire\/\",\"url\":\"https:\/\/www.aventure-chlorophylle.com\/la-vallee-dossau-toute-une-histoire\/\",\"name\":\"La vall\u00e9e d'Ossau, toute une Histoire - Aventure Chlorophylle\",\"isPartOf\":{\"@id\":\"https:\/\/www.aventure-chlorophylle.com\/#website\"},\"primaryImageOfPage\":{\"@id\":\"https:\/\/www.aventure-chlorophylle.com\/la-vallee-dossau-toute-une-histoire\/#primaryimage\"},\"image\":{\"@id\":\"https:\/\/www.aventure-chlorophylle.com\/la-vallee-dossau-toute-une-histoire\/#primaryimage\"},\"thumbnailUrl\":\"https:\/\/www.aventure-chlorophylle.com\/wp-content\/uploads\/2022\/10\/panorama.jpg\",\"datePublished\":\"1999-01-01T00:00:00+00:00\",\"dateModified\":\"2023-05-10T11:03:56+00:00\",\"description\":\"Aventure Chlorophylle, le bureau des moniteurs de sports nature de la vall\u00e9e d'Ossau dans les Pyr\u00e9n\u00e9es Atlantiques (64) : canyoning, rafting, sp\u00e9l\u00e9o, escalade\",\"breadcrumb\":{\"@id\":\"https:\/\/www.aventure-chlorophylle.com\/la-vallee-dossau-toute-une-histoire\/#breadcrumb\"},\"inLanguage\":\"es\",\"potentialAction\":[{\"@type\":\"ReadAction\",\"target\":[\"https:\/\/www.aventure-chlorophylle.com\/la-vallee-dossau-toute-une-histoire\/\"]}]},{\"@type\":\"ImageObject\",\"inLanguage\":\"es\",\"@id\":\"https:\/\/www.aventure-chlorophylle.com\/la-vallee-dossau-toute-une-histoire\/#primaryimage\",\"url\":\"https:\/\/www.aventure-chlorophylle.com\/wp-content\/uploads\/2022\/10\/panorama.jpg\",\"contentUrl\":\"https:\/\/www.aventure-chlorophylle.com\/wp-content\/uploads\/2022\/10\/panorama.jpg\",\"width\":1921,\"height\":700,\"caption\":\"panorama de la Vall\u00e9e d'Ossau\"},{\"@type\":\"BreadcrumbList\",\"@id\":\"https:\/\/www.aventure-chlorophylle.com\/la-vallee-dossau-toute-une-histoire\/#breadcrumb\",\"itemListElement\":[{\"@type\":\"ListItem\",\"position\":1,\"name\":\"Accueil\",\"item\":\"https:\/\/www.aventure-chlorophylle.com\/\"},{\"@type\":\"ListItem\",\"position\":2,\"name\":\"La vall\u00e9e d&#8217;Ossau, toute une Histoire\"}]},{\"@type\":\"WebSite\",\"@id\":\"https:\/\/www.aventure-chlorophylle.com\/#website\",\"url\":\"https:\/\/www.aventure-chlorophylle.com\/\",\"name\":\"Aventure Chlorophylle\",\"description\":\"Activit\u00e9s de Canyoning, rafting et sp\u00e9l\u00e9ologie dans les Pyr\u00e9n\u00e9es\",\"publisher\":{\"@id\":\"https:\/\/www.aventure-chlorophylle.com\/#organization\"},\"potentialAction\":[{\"@type\":\"SearchAction\",\"target\":{\"@type\":\"EntryPoint\",\"urlTemplate\":\"https:\/\/www.aventure-chlorophylle.com\/?s={search_term_string}\"},\"query-input\":{\"@type\":\"PropertyValueSpecification\",\"valueRequired\":true,\"valueName\":\"search_term_string\"}}],\"inLanguage\":\"es\"},{\"@type\":\"Organization\",\"@id\":\"https:\/\/www.aventure-chlorophylle.com\/#organization\",\"name\":\"Aventure Chlorophylle\",\"url\":\"https:\/\/www.aventure-chlorophylle.com\/\",\"logo\":{\"@type\":\"ImageObject\",\"inLanguage\":\"es\",\"@id\":\"https:\/\/www.aventure-chlorophylle.com\/#\/schema\/logo\/image\/\",\"url\":\"https:\/\/www.aventure-chlorophylle.com\/wp-content\/uploads\/2021\/04\/logo_aventure_chlorophylle.png\",\"contentUrl\":\"https:\/\/www.aventure-chlorophylle.com\/wp-content\/uploads\/2021\/04\/logo_aventure_chlorophylle.png\",\"width\":356,\"height\":392,\"caption\":\"Aventure Chlorophylle\"},\"image\":{\"@id\":\"https:\/\/www.aventure-chlorophylle.com\/#\/schema\/logo\/image\/\"},\"sameAs\":[\"https:\/\/www.facebook.com\/aventurechlorophylle\",\"https:\/\/www.instagram.com\/aventure_chlorophylle\/\"]},{\"@type\":\"Person\",\"@id\":\"https:\/\/www.aventure-chlorophylle.com\/#\/schema\/person\/77e4da7f4c3c5be2ef2ce30a09863abe\",\"name\":\"Alex\"}]}<\/script>\n<!-- \/ Yoast SEO plugin. -->","yoast_head_json":{"title":"El valle de Ossau, toda una Historia - Aventure Chlorophylle","description":"Aventure Chlorophylle, la oficina de monitores de deportes de naturaleza en el valle de Ossau, en los Pirineos Atl\u00e1nticos (64): barranquismo, rafting, espeleolog\u00eda, escalada...","robots":{"index":"index","follow":"follow","max-snippet":"max-snippet:-1","max-image-preview":"max-image-preview:large","max-video-preview":"max-video-preview:-1"},"canonical":"https:\/\/www.aventure-chlorophylle.com\/es\/la-vallee-dossau-toda-una-historia\/","og_locale":"es_ES","og_type":"article","og_title":"La vall\u00e9e d'Ossau, toute une Histoire - Aventure Chlorophylle","og_description":"Aventure Chlorophylle, le bureau des moniteurs de sports nature de la vall\u00e9e d'Ossau dans les Pyr\u00e9n\u00e9es Atlantiques (64) : canyoning, rafting, sp\u00e9l\u00e9o, escalade","og_url":"https:\/\/www.aventure-chlorophylle.com\/es\/la-vallee-dossau-toda-una-historia\/","og_site_name":"Aventure Chlorophylle","article_publisher":"https:\/\/www.facebook.com\/aventurechlorophylle","article_published_time":"1999-01-01T00:00:00+00:00","article_modified_time":"2023-05-10T11:03:56+00:00","og_image":[{"width":1921,"height":700,"url":"https:\/\/www.aventure-chlorophylle.com\/wp-content\/uploads\/2022\/10\/panorama.jpg","type":"image\/jpeg"}],"author":"Alex","twitter_card":"summary_large_image","twitter_misc":{"Escrito por":"Alex","Tiempo de lectura":"11 minutos"},"schema":{"@context":"https:\/\/schema.org","@graph":[{"@type":"Article","@id":"https:\/\/www.aventure-chlorophylle.com\/la-vallee-dossau-toute-une-histoire\/#article","isPartOf":{"@id":"https:\/\/www.aventure-chlorophylle.com\/la-vallee-dossau-toute-une-histoire\/"},"author":{"name":"Alex","@id":"https:\/\/www.aventure-chlorophylle.com\/#\/schema\/person\/77e4da7f4c3c5be2ef2ce30a09863abe"},"headline":"La vall\u00e9e d&rsquo;Ossau, toute une Histoire","datePublished":"1999-01-01T00:00:00+00:00","dateModified":"2023-05-10T11:03:56+00:00","mainEntityOfPage":{"@id":"https:\/\/www.aventure-chlorophylle.com\/la-vallee-dossau-toute-une-histoire\/"},"wordCount":2259,"publisher":{"@id":"https:\/\/www.aventure-chlorophylle.com\/#organization"},"image":{"@id":"https:\/\/www.aventure-chlorophylle.com\/la-vallee-dossau-toute-une-histoire\/#primaryimage"},"thumbnailUrl":"https:\/\/www.aventure-chlorophylle.com\/wp-content\/uploads\/2022\/10\/panorama.jpg","articleSection":["Blog"],"inLanguage":"es"},{"@type":"WebPage","@id":"https:\/\/www.aventure-chlorophylle.com\/la-vallee-dossau-toute-une-histoire\/","url":"https:\/\/www.aventure-chlorophylle.com\/la-vallee-dossau-toute-une-histoire\/","name":"El valle de Ossau, toda una Historia - Aventure Chlorophylle","isPartOf":{"@id":"https:\/\/www.aventure-chlorophylle.com\/#website"},"primaryImageOfPage":{"@id":"https:\/\/www.aventure-chlorophylle.com\/la-vallee-dossau-toute-une-histoire\/#primaryimage"},"image":{"@id":"https:\/\/www.aventure-chlorophylle.com\/la-vallee-dossau-toute-une-histoire\/#primaryimage"},"thumbnailUrl":"https:\/\/www.aventure-chlorophylle.com\/wp-content\/uploads\/2022\/10\/panorama.jpg","datePublished":"1999-01-01T00:00:00+00:00","dateModified":"2023-05-10T11:03:56+00:00","description":"Aventure Chlorophylle, la oficina de monitores de deportes de naturaleza en el valle de Ossau, en los Pirineos Atl\u00e1nticos (64): barranquismo, rafting, espeleolog\u00eda, escalada...","breadcrumb":{"@id":"https:\/\/www.aventure-chlorophylle.com\/la-vallee-dossau-toute-une-histoire\/#breadcrumb"},"inLanguage":"es","potentialAction":[{"@type":"ReadAction","target":["https:\/\/www.aventure-chlorophylle.com\/la-vallee-dossau-toute-une-histoire\/"]}]},{"@type":"ImageObject","inLanguage":"es","@id":"https:\/\/www.aventure-chlorophylle.com\/la-vallee-dossau-toute-une-histoire\/#primaryimage","url":"https:\/\/www.aventure-chlorophylle.com\/wp-content\/uploads\/2022\/10\/panorama.jpg","contentUrl":"https:\/\/www.aventure-chlorophylle.com\/wp-content\/uploads\/2022\/10\/panorama.jpg","width":1921,"height":700,"caption":"panorama de la Vall\u00e9e d'Ossau"},{"@type":"BreadcrumbList","@id":"https:\/\/www.aventure-chlorophylle.com\/la-vallee-dossau-toute-une-histoire\/#breadcrumb","itemListElement":[{"@type":"ListItem","position":1,"name":"Accueil","item":"https:\/\/www.aventure-chlorophylle.com\/"},{"@type":"ListItem","position":2,"name":"La vall\u00e9e d&#8217;Ossau, toute une Histoire"}]},{"@type":"WebSite","@id":"https:\/\/www.aventure-chlorophylle.com\/#website","url":"https:\/\/www.aventure-chlorophylle.com\/","name":"Aventura clorof\u00edlica","description":"Barranquismo, rafting y espeleolog\u00eda en los Pirineos","publisher":{"@id":"https:\/\/www.aventure-chlorophylle.com\/#organization"},"potentialAction":[{"@type":"SearchAction","target":{"@type":"EntryPoint","urlTemplate":"https:\/\/www.aventure-chlorophylle.com\/?s={search_term_string}"},"query-input":{"@type":"PropertyValueSpecification","valueRequired":true,"valueName":"search_term_string"}}],"inLanguage":"es"},{"@type":"Organization","@id":"https:\/\/www.aventure-chlorophylle.com\/#organization","name":"Aventura clorof\u00edlica","url":"https:\/\/www.aventure-chlorophylle.com\/","logo":{"@type":"ImageObject","inLanguage":"es","@id":"https:\/\/www.aventure-chlorophylle.com\/#\/schema\/logo\/image\/","url":"https:\/\/www.aventure-chlorophylle.com\/wp-content\/uploads\/2021\/04\/logo_aventure_chlorophylle.png","contentUrl":"https:\/\/www.aventure-chlorophylle.com\/wp-content\/uploads\/2021\/04\/logo_aventure_chlorophylle.png","width":356,"height":392,"caption":"Aventure Chlorophylle"},"image":{"@id":"https:\/\/www.aventure-chlorophylle.com\/#\/schema\/logo\/image\/"},"sameAs":["https:\/\/www.facebook.com\/aventurechlorophylle","https:\/\/www.instagram.com\/aventure_chlorophylle\/"]},{"@type":"Person","@id":"https:\/\/www.aventure-chlorophylle.com\/#\/schema\/person\/77e4da7f4c3c5be2ef2ce30a09863abe","name":"Alex"}]}},"_links":{"self":[{"href":"https:\/\/www.aventure-chlorophylle.com\/es\/wp-json\/wp\/v2\/posts\/266801","targetHints":{"allow":["GET"]}}],"collection":[{"href":"https:\/\/www.aventure-chlorophylle.com\/es\/wp-json\/wp\/v2\/posts"}],"about":[{"href":"https:\/\/www.aventure-chlorophylle.com\/es\/wp-json\/wp\/v2\/types\/post"}],"author":[{"embeddable":true,"href":"https:\/\/www.aventure-chlorophylle.com\/es\/wp-json\/wp\/v2\/users\/3"}],"replies":[{"embeddable":true,"href":"https:\/\/www.aventure-chlorophylle.com\/es\/wp-json\/wp\/v2\/comments?post=266801"}],"version-history":[{"count":6,"href":"https:\/\/www.aventure-chlorophylle.com\/es\/wp-json\/wp\/v2\/posts\/266801\/revisions"}],"predecessor-version":[{"id":267262,"href":"https:\/\/www.aventure-chlorophylle.com\/es\/wp-json\/wp\/v2\/posts\/266801\/revisions\/267262"}],"wp:featuredmedia":[{"embeddable":true,"href":"https:\/\/www.aventure-chlorophylle.com\/es\/wp-json\/wp\/v2\/media\/266826"}],"wp:attachment":[{"href":"https:\/\/www.aventure-chlorophylle.com\/es\/wp-json\/wp\/v2\/media?parent=266801"}],"wp:term":[{"taxonomy":"category","embeddable":true,"href":"https:\/\/www.aventure-chlorophylle.com\/es\/wp-json\/wp\/v2\/categories?post=266801"},{"taxonomy":"post_tag","embeddable":true,"href":"https:\/\/www.aventure-chlorophylle.com\/es\/wp-json\/wp\/v2\/tags?post=266801"}],"curies":[{"name":"wp","href":"https:\/\/api.w.org\/{rel}","templated":true}]}}