{"id":265527,"date":"2022-02-18T12:06:24","date_gmt":"2022-02-18T11:06:24","guid":{"rendered":"https:\/\/www.aventure-chlorophylle.com\/?p=265527"},"modified":"2022-02-18T12:06:28","modified_gmt":"2022-02-18T11:06:28","slug":"via-ferrata-du-siala-gourette-pyrenees-atlantiques","status":"publish","type":"post","link":"https:\/\/www.aventure-chlorophylle.com\/nl\/via-ferrata-du-siala-gourette-pyrenees-atlantiques\/","title":{"rendered":"De via ferrata van Siala in Gourette in de Pyr\u00e9n\u00e9es Atlantiques"},"content":{"rendered":"<p>[et_pb_section fb_built=\u00a0\u00bb1&Prime; admin_label=\u00a0\u00bbsection\u00a0\u00bb _builder_version=\u00a0\u00bb3.22&Prime; global_colors_info=\u00a0\u00bb{}\u00a0\u00bb][et_pb_row _builder_version=\u00a0\u00bb4.14.7&Prime; _module_preset=\u00a0\u00bbdefault\u00a0\u00bb global_colors_info=\u00a0\u00bb{}\u00a0\u00bb][et_pb_column type=\u00a0\u00bb4_4&Prime; _builder_version=\u00a0\u00bb4.14.7&Prime; _module_preset=\u00a0\u00bbdefault\u00a0\u00bb global_colors_info=\u00a0\u00bb{}\u00a0\u00bb][et_pb_text admin_label=\u00a0\u00bbUn panorama exceptionnel sur la Vall\u00e9e d&rsquo;Ossau, de Laruns au col d&rsquo;Aubisque\u00a0\u00bb _builder_version=\u00a0\u00bb4.14.7&Prime; _module_preset=\u00a0\u00bbdefault\u00a0\u00bb global_colors_info=\u00a0\u00bb{}\u00a0\u00bb]<\/p>\n<h2 class=\"western\" style=\"text-align: center;\">Een uitzonderlijk panorama van de Ossau-vallei, van Laruns tot de Aubisque-pas<\/h2>\n<p>[\/et_pb_text][et_pb_text admin_label=\u00a0\u00bbLa via ferrata du Siala se situe en vall\u00e9e d\u2019Ossau, dans les Pyr\u00e9n\u00e9es Atlantiques.\u00a0\u00bb _builder_version=\u00a0\u00bb4.14.7&Prime; _module_preset=\u00a0\u00bbdefault\u00a0\u00bb global_colors_info=\u00a0\u00bb{}\u00a0\u00bb]<\/p>\n<p>De <a href=\"https:\/\/www.aventure-chlorophylle.com\/nl\/product-nl\/via-ferrata-gourette-laruns\/\" target=\"_blank\" rel=\"noopener\"><strong>via ferrata van Siala<\/strong><\/a> bevindt zich in <a href=\"https:\/\/www.valleedossau-tourisme.com\/\" target=\"_blank\" rel=\"noopener\"><strong>De vallei van Ossau<\/strong><\/a>in de <strong>Atlantische Pyrenee\u00ebn<\/strong>. Met een hoogteverschil van 150m tot 180m en een lengte van <strong>250 tot 300 m kabel<\/strong>Deze route laat u beetje bij beetje, sport voor sport, stijgen om te genieten van een <strong>uitzonderlijk panorama van de vallei<\/strong>. Het uitzicht daalt af naar de Gave du Valentin, die door apenbruggen wordt overbrugd en zich uitstrekt tot <strong>Laruns<\/strong>\u00a0en de <strong>Pas van Aubisque<\/strong> !<\/p>\n<p>&nbsp;<\/p>\n<p>[\/et_pb_text][et_pb_image src=\u00a0\u00bbhttps:\/\/www.aventure-chlorophylle.com\/wp-content\/uploads\/2022\/01\/Via-Ferrata-vallee-ossau.jpg\u00a0\u00bb alt=\u00a0\u00bbpanorama via ferrata laruns\u00a0\u00bb title_text=\u00a0\u00bbVia Ferrata panorama vall\u00e9e ossau\u00a0\u00bb _builder_version=\u00a0\u00bb4.14.7&Prime; _module_preset=\u00a0\u00bbdefault\u00a0\u00bb hover_enabled=\u00a0\u00bb0&Prime; global_colors_info=\u00a0\u00bb{}\u00a0\u00bb sticky_enabled=\u00a0\u00bb0&Prime;][\/et_pb_image][\/et_pb_column][\/et_pb_row][et_pb_row column_structure=\u00a0\u00bb1_2,1_2&Prime; _builder_version=\u00a0\u00bb4.14.7&Prime; _module_preset=\u00a0\u00bbdefault\u00a0\u00bb custom_margin=\u00a0\u00bb50px||||false|false\u00a0\u00bb global_colors_info=\u00a0\u00bb{}\u00a0\u00bb][et_pb_column type=\u00a0\u00bb1_2&Prime; _builder_version=\u00a0\u00bb4.14.5&Prime; _module_preset=\u00a0\u00bbdefault\u00a0\u00bb global_colors_info=\u00a0\u00bb{}\u00a0\u00bb][et_pb_text admin_label=\u00a0\u00bbPetite histoire de la via ferrata\u00a0\u00bb _builder_version=\u00a0\u00bb4.14.7&Prime; _module_preset=\u00a0\u00bbdefault\u00a0\u00bb custom_margin=\u00a0\u00bb80px||||false|false\u00a0\u00bb global_colors_info=\u00a0\u00bb{}\u00a0\u00bb]<\/p>\n<h3 class=\"western\" style=\"text-align: center;\">Een korte geschiedenis van de klettersteig<\/h3>\n<p>&nbsp;<\/p>\n<p style=\"text-align: center;\">De<strong> via ferrata<\/strong> is een luchtparcours dat wordt beklommen met behulp van<strong>ladders geplant in de rots<\/strong> en <strong>beveiligd door een kabel<\/strong> waaraan men door middel van geschikte sleutelkoorden is verbonden.<\/p>\n<p style=\"text-align: center;\"><a href=\"https:\/\/fr.wikipedia.org\/wiki\/Via_ferrata\" target=\"_blank\" rel=\"noopener\">Historisch<\/a> de eerste generatie via ferrata verscheen in <strong>Oostenrijk<\/strong> in 1843. Toen verscheen de \"vie ferrate\" in de <strong>Italiaanse Dolomieten<\/strong> voor militaire doeleinden rond 1914. Pas in 1989 werd deze sport en vrijetijdsbesteding in Frankrijk in de Hautes Alpes ontwikkeld.<\/p>\n<p>[\/et_pb_text][\/et_pb_column][et_pb_column type=\u00a0\u00bb1_2&Prime; _builder_version=\u00a0\u00bb4.14.5&Prime; _module_preset=\u00a0\u00bbdefault\u00a0\u00bb global_colors_info=\u00a0\u00bb{}\u00a0\u00bb][et_pb_image src=\u00a0\u00bbhttps:\/\/www.aventure-chlorophylle.com\/wp-content\/uploads\/2022\/01\/Via-Ferrata-Siala-pyrenees.jpg\u00a0\u00bb alt=\u00a0\u00bbparoi dans la via ferrata du Siala \u00e0 Gourette\u00a0\u00bb title_text=\u00a0\u00bbdalle via ferrata siala\u00a0\u00bb _builder_version=\u00a0\u00bb4.14.7&Prime; _module_preset=\u00a0\u00bbdefault\u00a0\u00bb hover_enabled=\u00a0\u00bb0&Prime; global_colors_info=\u00a0\u00bb{}\u00a0\u00bb sticky_enabled=\u00a0\u00bb0&Prime;][\/et_pb_image][\/et_pb_column][\/et_pb_row][et_pb_row _builder_version=\u00a0\u00bb4.14.7&Prime; _module_preset=\u00a0\u00bbdefault\u00a0\u00bb custom_margin=\u00a0\u00bb50px||||false|false\u00a0\u00bb global_colors_info=\u00a0\u00bb{}\u00a0\u00bb][et_pb_column type=\u00a0\u00bb4_4&Prime; _builder_version=\u00a0\u00bb4.14.7&Prime; _module_preset=\u00a0\u00bbdefault\u00a0\u00bb global_colors_info=\u00a0\u00bb{}\u00a0\u00bb][et_pb_text _builder_version=\u00a0\u00bb4.14.7&Prime; _module_preset=\u00a0\u00bbdefault\u00a0\u00bb global_colors_info=\u00a0\u00bb{}\u00a0\u00bb]<\/p>\n<h2 class=\"western\" style=\"text-align: center;\">De via ferrata van Siala in de vallei van Ossau in detail<\/h2>\n<p>[\/et_pb_text][\/et_pb_column][\/et_pb_row][et_pb_row column_structure=\u00a0\u00bb2_5,3_5&Prime; _builder_version=\u00a0\u00bb4.14.7&Prime; _module_preset=\u00a0\u00bbdefault\u00a0\u00bb custom_margin=\u00a0\u00bb50px||||false|false\u00a0\u00bb global_colors_info=\u00a0\u00bb{}\u00a0\u00bb][et_pb_column type=\u00a0\u00bb2_5&Prime; _builder_version=\u00a0\u00bb4.14.7&Prime; _module_preset=\u00a0\u00bbdefault\u00a0\u00bb global_colors_info=\u00a0\u00bb{}\u00a0\u00bb][et_pb_image src=\u00a0\u00bbhttps:\/\/www.aventure-chlorophylle.com\/wp-content\/uploads\/2021\/06\/activite_via_ferrata_de_siala_17.jpg\u00a0\u00bb alt=\u00a0\u00bbactivit\u00e9 via ferrata de siala\u00a0\u00bb title_text=\u00a0\u00bbactivit\u00e9 via ferrata de siala\u00a0\u00bb _builder_version=\u00a0\u00bb4.14.7&Prime; _module_preset=\u00a0\u00bbdefault\u00a0\u00bb custom_margin=\u00a0\u00bb10px||1rem||false|false\u00a0\u00bb hover_enabled=\u00a0\u00bb0&Prime; global_colors_info=\u00a0\u00bb{}\u00a0\u00bb sticky_enabled=\u00a0\u00bb0&Prime;][\/et_pb_image][\/et_pb_column][et_pb_column type=\u00a0\u00bb3_5&Prime; _builder_version=\u00a0\u00bb4.14.7&Prime; _module_preset=\u00a0\u00bbdefault\u00a0\u00bb global_colors_info=\u00a0\u00bb{}\u00a0\u00bb][et_pb_text admin_label=\u00a0\u00bbUn d\u00e9part \u00e0 2 pas de la station de ski de Gourette\u00a0\u00bb _builder_version=\u00a0\u00bb4.14.7&Prime; _module_preset=\u00a0\u00bbdefault\u00a0\u00bb global_colors_info=\u00a0\u00bb{}\u00a0\u00bb]<\/p>\n<h3 class=\"western\">Een vertrek op een steenworp afstand van het skigebied van Gourette<\/h3>\n<p>&nbsp;<\/p>\n<p>Het begin van de wandeling is ongeveer 3 km onder de <strong><a href=\"https:\/\/www.gourette.com\/\" target=\"_blank\" rel=\"noopener\">Skigebied Gourette<\/a><\/strong>. Uitgerust met een helm, harnas en energieabsorberende koorden ben je klaar voor een prachtig verticaal avontuur. Het pad naar beneden slingert zich door beuken- en buxusbomen. Het duurt 5 tot 10 minuten om de <strong>twee mogelijke vertrekken<\/strong> een voor een <strong>Nepalese brug<\/strong> (een voettouw, twee handtouwen) die naar de rotswand boven de <strong>Valentin rivier<\/strong>. De tweede optie is om iets lager te beginnen en door de prachtige <strong>Siala canyon kloof<\/strong>. De start wordt gemaakt op een eerste <strong>apenbrug<\/strong> die aansluit op de linkeroever van de Gave door over de<strong>turquoise en transparant water<\/strong>. Vanaf daar gaan we rond een rotsachtige uitstulping die de 3 voet sporten verbergt en een sterke trekkracht op de handkabel vereist. A <strong>Nepalese brug<\/strong> brengt ons terug naar de rechteroever en naar de eerste start met de <strong>mooie waterval<\/strong> die de tralies aflikt als de sneeuw smelt.<\/p>\n<p>[\/et_pb_text][\/et_pb_column][\/et_pb_row][et_pb_row column_structure=\u00a0\u00bb1_2,1_2&Prime; _builder_version=\u00a0\u00bb4.14.7&Prime; _module_preset=\u00a0\u00bbdefault\u00a0\u00bb custom_margin=\u00a0\u00bb60px||||false|false\u00a0\u00bb global_colors_info=\u00a0\u00bb{}\u00a0\u00bb][et_pb_column type=\u00a0\u00bb1_2&Prime; _builder_version=\u00a0\u00bb4.14.7&Prime; _module_preset=\u00a0\u00bbdefault\u00a0\u00bb global_colors_info=\u00a0\u00bb{}\u00a0\u00bb][et_pb_text admin_label=\u00a0\u00bbPlusieurs niveaux de difficult\u00e9 pour cette via ferrata\u00a0\u00bb _builder_version=\u00a0\u00bb4.14.7&Prime; _module_preset=\u00a0\u00bbdefault\u00a0\u00bb custom_margin=\u00a0\u00bb30px||||false|false\u00a0\u00bb global_colors_info=\u00a0\u00bb{}\u00a0\u00bb]<\/p>\n<h3 class=\"western\">Verschillende moeilijkheidsgraden voor deze klettersteig<\/h3>\n<p>&nbsp;<\/p>\n<p>De eigenlijke beklimming begint dan met een <strong>opeenvolging van metalen staven<\/strong> vast in de muur. In het begin is de klif zacht glooiend (60m), daarna stijgt hij geleidelijk en biedt ons een <strong>een steeds opener landschap<\/strong> naarmate we vorderden. Het is niet ongewoon om vale gieren te zien die de beklimmingen nemen en over de kop draaien alvorens een lange rechte lijn te schieten naar de volgende thermiek. Een paar vlakke plekken maken een fotopauze of het lessen van een beetje dorst mogelijk. Op tweederde van het traject moet je kiezen tussen de moeilijke optie met een mogelijke ontsnappingsroute net voor de overhangen of de zeer moeilijke route, die zowel in de lucht, duizelingwekkend als overhangend is, en daardoor de armen belast.<\/p>\n<p>[\/et_pb_text][\/et_pb_column][et_pb_column type=\u00a0\u00bb1_2&Prime; _builder_version=\u00a0\u00bb4.14.7&Prime; _module_preset=\u00a0\u00bbdefault\u00a0\u00bb global_colors_info=\u00a0\u00bb{}\u00a0\u00bb][et_pb_image src=\u00a0\u00bbhttps:\/\/www.aventure-chlorophylle.com\/wp-content\/uploads\/2022\/01\/Via-Ferrata-Gourette-panorama-vallee-ossau.jpg\u00a0\u00bb alt=\u00a0\u00bbascension dans la via ferrata du Siala \u00e0 Gourette\u00a0\u00bb title_text=\u00a0\u00bbvia ferrata siala grimpeur et panorama\u00a0\u00bb _builder_version=\u00a0\u00bb4.14.7&Prime; _module_preset=\u00a0\u00bbdefault\u00a0\u00bb hover_enabled=\u00a0\u00bb0&Prime; global_colors_info=\u00a0\u00bb{}\u00a0\u00bb sticky_enabled=\u00a0\u00bb0&Prime;][\/et_pb_image][\/et_pb_column][\/et_pb_row][et_pb_row column_structure=\u00a0\u00bb2_5,3_5&Prime; _builder_version=\u00a0\u00bb4.14.7&Prime; _module_preset=\u00a0\u00bbdefault\u00a0\u00bb custom_margin=\u00a0\u00bb50px||||false|false\u00a0\u00bb global_colors_info=\u00a0\u00bb{}\u00a0\u00bb][et_pb_column type=\u00a0\u00bb2_5&Prime; _builder_version=\u00a0\u00bb4.14.7&Prime; _module_preset=\u00a0\u00bbdefault\u00a0\u00bb global_colors_info=\u00a0\u00bb{}\u00a0\u00bb][et_pb_image src=\u00a0\u00bbhttps:\/\/www.aventure-chlorophylle.com\/wp-content\/uploads\/2022\/01\/Via-Ferrata-pyrenees.jpg\u00a0\u00bb alt=\u00a0\u00bbVia ferrata pyr\u00e9n\u00e9es Gourette Laruns\u00a0\u00bb title_text=\u00a0\u00bbVia Ferrata pyrenees grimpeuse\u00a0\u00bb _builder_version=\u00a0\u00bb4.14.7&Prime; _module_preset=\u00a0\u00bbdefault\u00a0\u00bb global_colors_info=\u00a0\u00bb{}\u00a0\u00bb][\/et_pb_image][\/et_pb_column][et_pb_column type=\u00a0\u00bb3_5&Prime; _builder_version=\u00a0\u00bb4.14.7&Prime; _module_preset=\u00a0\u00bbdefault\u00a0\u00bb global_colors_info=\u00a0\u00bb{}\u00a0\u00bb][et_pb_text admin_label=\u00a0\u00bbUn parcours de via ferrata plus facile accessible \u00e0 tous !\u00a0\u00bb _builder_version=\u00a0\u00bb4.14.7&Prime; _module_preset=\u00a0\u00bbdefault\u00a0\u00bb custom_margin=\u00a0\u00bb50px||||false|false\u00a0\u00bb global_colors_info=\u00a0\u00bb{}\u00a0\u00bb]<\/p>\n<h3 class=\"western\">Een gemakkelijker klettersteig die voor iedereen toegankelijk is!<\/h3>\n<p>&nbsp;<\/p>\n<p>Als u linksaf slaat, kunt u genieten van een <strong>een beetje makkelijker maar een beetje langer<\/strong>met <strong>grote sensaties<\/strong> in de laatste sectie: <strong>de rots is meer dan verticaal<\/strong>Een traverse leidt naar een kleine dihedral overhang, nog een traverse met platte voeten en uiteindelijk een korte maar intense overhang! Je bereikt de top van de klif in ongeveer 2 tot 2,5 uur!<\/p>\n<p>[\/et_pb_text][\/et_pb_column][\/et_pb_row][et_pb_row column_structure=\u00a0\u00bb2_3,1_3&Prime; _builder_version=\u00a0\u00bb4.14.7&Prime; _module_preset=\u00a0\u00bbdefault\u00a0\u00bb custom_margin=\u00a0\u00bb50px||||false|false\u00a0\u00bb global_colors_info=\u00a0\u00bb{}\u00a0\u00bb][et_pb_column type=\u00a0\u00bb2_3&Prime; _builder_version=\u00a0\u00bb4.14.7&Prime; _module_preset=\u00a0\u00bbdefault\u00a0\u00bb global_colors_info=\u00a0\u00bb{}\u00a0\u00bb][et_pb_text admin_label=\u00a0\u00bbUne section plus d\u00e9versante pour les plus t\u00e9m\u00e9raires\u00a0\u00bb _builder_version=\u00a0\u00bb4.14.7&Prime; _module_preset=\u00a0\u00bbdefault\u00a0\u00bb global_colors_info=\u00a0\u00bb{}\u00a0\u00bb]<\/p>\n<h3 class=\"western\">Een meer uitdagende sectie voor de avonturiers<\/h3>\n<p>&nbsp;<\/p>\n<p><strong>Voor de meer avontuurlijke<\/strong> met de juiste indicator, begin je met een <strong>licht hellend gedeelte<\/strong> (20m) die leidt naar een 10m lange luchttraverse. Hier begint de fysieke inspanning: de rots puilt uit over 12m. Een rustpauze op 3 sporten en u gaat verder naar de tweede <strong>grote helling<\/strong> bij 13m. <strong>Sensaties gegarandeerd!<\/strong> Vooral als je over je schouder durft te kijken... Je eindigt de klim in het bos, midden tussen de bosbessenstruiken (shhh!).<\/p>\n<p>De terugweg is te voet over een pad dat naar de top van de klif klimt (rode pijlen) en dan in 10 minuten afdaalt naar de weg. Er is nog een kwartier om terug te keren naar de voertuigen op de parkeerplaats van de start.<\/p>\n<p>[\/et_pb_text][\/et_pb_column][et_pb_column type=\u00a0\u00bb1_3&Prime; _builder_version=\u00a0\u00bb4.14.7&Prime; _module_preset=\u00a0\u00bbdefault\u00a0\u00bb global_colors_info=\u00a0\u00bb{}\u00a0\u00bb][et_pb_image src=\u00a0\u00bbhttps:\/\/www.aventure-chlorophylle.com\/wp-content\/uploads\/2022\/01\/Via-Ferrata-surplomb-tres-difficile.jpg\u00a0\u00bb alt=\u00a0\u00bbVia Ferrata Laruns Pyr\u00e9n\u00e9es surplomb\u00a0\u00bb title_text=\u00a0\u00bbVia Ferrata surplomb\u00a0\u00bb _builder_version=\u00a0\u00bb4.14.7&Prime; _module_preset=\u00a0\u00bbdefault\u00a0\u00bb global_colors_info=\u00a0\u00bb{}\u00a0\u00bb][\/et_pb_image][\/et_pb_column][\/et_pb_row][et_pb_row _builder_version=\u00a0\u00bb4.14.7&Prime; _module_preset=\u00a0\u00bbdefault\u00a0\u00bb custom_margin=\u00a0\u00bb50px||||false|false\u00a0\u00bb global_colors_info=\u00a0\u00bb{}\u00a0\u00bb][et_pb_column type=\u00a0\u00bb4_4&Prime; _builder_version=\u00a0\u00bb4.14.7&Prime; _module_preset=\u00a0\u00bbdefault\u00a0\u00bb global_colors_info=\u00a0\u00bb{}\u00a0\u00bb][et_pb_text admin_label=\u00a0\u00bbVous aussi, venez d\u00e9couvrir ce parcours de via ferrata  \u00e0 la demi-journ\u00e9e de mai \u00e0 octobre avec nos moniteurs dipl\u00f4m\u00e9s !\u00a0\u00bb _builder_version=\u00a0\u00bb4.14.7&Prime; _module_preset=\u00a0\u00bbdefault\u00a0\u00bb global_colors_info=\u00a0\u00bb{}\u00a0\u00bb]<\/p>\n<p style=\"text-align: center;\"><strong>Ook jij kunt komen <\/strong><a href=\"https:\/\/www.aventure-chlorophylle.com\/nl\/product-nl\/via-ferrata-gourette-laruns\/\" target=\"_blank\" rel=\"noopener\">ontdek deze klettersteig<\/a>\u00a0 Excursies van halve dagen van mei tot oktober met onze gekwalificeerde instructeurs!<\/p>\n<p>&nbsp;<\/p>\n<p>[\/et_pb_text][et_pb_text admin_label=\u00a0\u00bbCandice Piechaud, Nature Spirit, monitrice au sein du Bureau Aventure Chlorophylle\u00a0\u00bb _builder_version=\u00a0\u00bb4.14.7&Prime; _module_preset=\u00a0\u00bbdefault\u00a0\u00bb global_colors_info=\u00a0\u00bb{}\u00a0\u00bb]<\/p>\n<p style=\"text-align: left;\">Candice Piechaud, <a href=\"https:\/\/www.nature-spirit.fr\/\" target=\"_blank\" rel=\"noopener\">Natuur Geest<\/a>een adviseur bij het Bureau Aventure Chlorophylle.<\/p>\n<p>[\/et_pb_text][\/et_pb_column][\/et_pb_row][\/et_pb_section]<\/p>","protected":false},"excerpt":{"rendered":"<p>Un panorama exceptionnel sur la Vall\u00e9e d&rsquo;Ossau, de Laruns au col d&rsquo;AubisqueLa via ferrata du Siala se situe en vall\u00e9e d\u2019Ossau, dans les Pyr\u00e9n\u00e9es Atlantiques. Avec un d\u00e9nivel\u00e9 de 150m \u00e0 180m et une longueur de 250m \u00e0 300m de c\u00e2ble, cet itin\u00e9raire permet de s\u2019\u00e9lever petit \u00e0 petit, barreau apr\u00e8s barreau pour se r\u00e9galer [&hellip;]<\/p>","protected":false},"author":3,"featured_media":263247,"comment_status":"closed","ping_status":"closed","sticky":false,"template":"","format":"standard","meta":{"_acf_changed":false,"_et_pb_use_builder":"on","_et_pb_old_content":"","_et_gb_content_width":"","inline_featured_image":false,"footnotes":""},"categories":[1],"tags":[],"class_list":["post-265527","post","type-post","status-publish","format-standard","has-post-thumbnail","hentry","category-blog"],"acf":[],"yoast_head":"<!-- This site is optimized with the Yoast SEO plugin v26.7 - https:\/\/yoast.com\/wordpress\/plugins\/seo\/ -->\n<title>via ferrata du Siala | Gourette | Aventure Chlorophylle<\/title>\n<meta name=\"description\" content=\"La via ferrata du Siala dans les Pyr\u00e9n\u00e9es : un panorama exceptionnel sur la vall\u00e9e d&#039;Ossau de Gourette au Col d&#039;Aubisque\" \/>\n<meta name=\"robots\" content=\"index, follow, max-snippet:-1, max-image-preview:large, max-video-preview:-1\" \/>\n<link rel=\"canonical\" href=\"https:\/\/www.aventure-chlorophylle.com\/nl\/via-ferrata-du-siala-gourette-pyrenees-atlantiques\/\" \/>\n<meta property=\"og:locale\" content=\"nl_NL\" \/>\n<meta property=\"og:type\" content=\"article\" \/>\n<meta property=\"og:title\" content=\"via ferrata du Siala | Gourette | Aventure Chlorophylle\" \/>\n<meta property=\"og:description\" content=\"La via ferrata du Siala dans les Pyr\u00e9n\u00e9es : un panorama exceptionnel sur la vall\u00e9e d&#039;Ossau de Gourette au Col d&#039;Aubisque\" \/>\n<meta property=\"og:url\" content=\"https:\/\/www.aventure-chlorophylle.com\/nl\/via-ferrata-du-siala-gourette-pyrenees-atlantiques\/\" \/>\n<meta property=\"og:site_name\" content=\"Aventure Chlorophylle\" \/>\n<meta property=\"article:publisher\" content=\"https:\/\/www.facebook.com\/aventurechlorophylle\" \/>\n<meta property=\"article:published_time\" content=\"2022-02-18T11:06:24+00:00\" \/>\n<meta property=\"article:modified_time\" content=\"2022-02-18T11:06:28+00:00\" \/>\n<meta property=\"og:image\" content=\"https:\/\/www.aventure-chlorophylle.com\/wp-content\/uploads\/2021\/06\/activite_via_ferrata_de_siala_35.jpg\" \/>\n\t<meta property=\"og:image:width\" content=\"1440\" \/>\n\t<meta property=\"og:image:height\" content=\"1080\" \/>\n\t<meta property=\"og:image:type\" content=\"image\/jpeg\" \/>\n<meta name=\"author\" content=\"Alex\" \/>\n<meta name=\"twitter:card\" content=\"summary_large_image\" \/>\n<meta name=\"twitter:label1\" content=\"Geschreven door\" \/>\n\t<meta name=\"twitter:data1\" content=\"Alex\" \/>\n\t<meta name=\"twitter:label2\" content=\"Geschatte leestijd\" \/>\n\t<meta name=\"twitter:data2\" content=\"6 minuten\" \/>\n<script type=\"application\/ld+json\" class=\"yoast-schema-graph\">{\"@context\":\"https:\/\/schema.org\",\"@graph\":[{\"@type\":\"Article\",\"@id\":\"https:\/\/www.aventure-chlorophylle.com\/via-ferrata-du-siala-gourette-pyrenees-atlantiques\/#article\",\"isPartOf\":{\"@id\":\"https:\/\/www.aventure-chlorophylle.com\/via-ferrata-du-siala-gourette-pyrenees-atlantiques\/\"},\"author\":{\"name\":\"Alex\",\"@id\":\"https:\/\/www.aventure-chlorophylle.com\/#\/schema\/person\/77e4da7f4c3c5be2ef2ce30a09863abe\"},\"headline\":\"La via ferrata du Siala \u00e0 Gourette dans les Pyr\u00e9n\u00e9es Atlantiques\",\"datePublished\":\"2022-02-18T11:06:24+00:00\",\"dateModified\":\"2022-02-18T11:06:28+00:00\",\"mainEntityOfPage\":{\"@id\":\"https:\/\/www.aventure-chlorophylle.com\/via-ferrata-du-siala-gourette-pyrenees-atlantiques\/\"},\"wordCount\":1741,\"publisher\":{\"@id\":\"https:\/\/www.aventure-chlorophylle.com\/#organization\"},\"image\":{\"@id\":\"https:\/\/www.aventure-chlorophylle.com\/via-ferrata-du-siala-gourette-pyrenees-atlantiques\/#primaryimage\"},\"thumbnailUrl\":\"https:\/\/www.aventure-chlorophylle.com\/wp-content\/uploads\/2021\/06\/activite_via_ferrata_de_siala_35.jpg\",\"articleSection\":[\"Blog\"],\"inLanguage\":\"nl-NL\"},{\"@type\":\"WebPage\",\"@id\":\"https:\/\/www.aventure-chlorophylle.com\/via-ferrata-du-siala-gourette-pyrenees-atlantiques\/\",\"url\":\"https:\/\/www.aventure-chlorophylle.com\/via-ferrata-du-siala-gourette-pyrenees-atlantiques\/\",\"name\":\"via ferrata du Siala | Gourette | Aventure Chlorophylle\",\"isPartOf\":{\"@id\":\"https:\/\/www.aventure-chlorophylle.com\/#website\"},\"primaryImageOfPage\":{\"@id\":\"https:\/\/www.aventure-chlorophylle.com\/via-ferrata-du-siala-gourette-pyrenees-atlantiques\/#primaryimage\"},\"image\":{\"@id\":\"https:\/\/www.aventure-chlorophylle.com\/via-ferrata-du-siala-gourette-pyrenees-atlantiques\/#primaryimage\"},\"thumbnailUrl\":\"https:\/\/www.aventure-chlorophylle.com\/wp-content\/uploads\/2021\/06\/activite_via_ferrata_de_siala_35.jpg\",\"datePublished\":\"2022-02-18T11:06:24+00:00\",\"dateModified\":\"2022-02-18T11:06:28+00:00\",\"description\":\"La via ferrata du Siala dans les Pyr\u00e9n\u00e9es : un panorama exceptionnel sur la vall\u00e9e d'Ossau de Gourette au Col d'Aubisque\",\"breadcrumb\":{\"@id\":\"https:\/\/www.aventure-chlorophylle.com\/via-ferrata-du-siala-gourette-pyrenees-atlantiques\/#breadcrumb\"},\"inLanguage\":\"nl-NL\",\"potentialAction\":[{\"@type\":\"ReadAction\",\"target\":[\"https:\/\/www.aventure-chlorophylle.com\/via-ferrata-du-siala-gourette-pyrenees-atlantiques\/\"]}]},{\"@type\":\"ImageObject\",\"inLanguage\":\"nl-NL\",\"@id\":\"https:\/\/www.aventure-chlorophylle.com\/via-ferrata-du-siala-gourette-pyrenees-atlantiques\/#primaryimage\",\"url\":\"https:\/\/www.aventure-chlorophylle.com\/wp-content\/uploads\/2021\/06\/activite_via_ferrata_de_siala_35.jpg\",\"contentUrl\":\"https:\/\/www.aventure-chlorophylle.com\/wp-content\/uploads\/2021\/06\/activite_via_ferrata_de_siala_35.jpg\",\"width\":1440,\"height\":1080,\"caption\":\"Via ferrata de Siala \u00e0 Gourette, \u00e0 1h de Pau\"},{\"@type\":\"BreadcrumbList\",\"@id\":\"https:\/\/www.aventure-chlorophylle.com\/via-ferrata-du-siala-gourette-pyrenees-atlantiques\/#breadcrumb\",\"itemListElement\":[{\"@type\":\"ListItem\",\"position\":1,\"name\":\"Accueil\",\"item\":\"https:\/\/www.aventure-chlorophylle.com\/\"},{\"@type\":\"ListItem\",\"position\":2,\"name\":\"La via ferrata du Siala \u00e0 Gourette dans les Pyr\u00e9n\u00e9es Atlantiques\"}]},{\"@type\":\"WebSite\",\"@id\":\"https:\/\/www.aventure-chlorophylle.com\/#website\",\"url\":\"https:\/\/www.aventure-chlorophylle.com\/\",\"name\":\"Aventure Chlorophylle\",\"description\":\"Activit\u00e9s de Canyoning, rafting et sp\u00e9l\u00e9ologie dans les Pyr\u00e9n\u00e9es\",\"publisher\":{\"@id\":\"https:\/\/www.aventure-chlorophylle.com\/#organization\"},\"potentialAction\":[{\"@type\":\"SearchAction\",\"target\":{\"@type\":\"EntryPoint\",\"urlTemplate\":\"https:\/\/www.aventure-chlorophylle.com\/?s={search_term_string}\"},\"query-input\":{\"@type\":\"PropertyValueSpecification\",\"valueRequired\":true,\"valueName\":\"search_term_string\"}}],\"inLanguage\":\"nl-NL\"},{\"@type\":\"Organization\",\"@id\":\"https:\/\/www.aventure-chlorophylle.com\/#organization\",\"name\":\"Aventure Chlorophylle\",\"url\":\"https:\/\/www.aventure-chlorophylle.com\/\",\"logo\":{\"@type\":\"ImageObject\",\"inLanguage\":\"nl-NL\",\"@id\":\"https:\/\/www.aventure-chlorophylle.com\/#\/schema\/logo\/image\/\",\"url\":\"https:\/\/www.aventure-chlorophylle.com\/wp-content\/uploads\/2021\/04\/logo_aventure_chlorophylle.png\",\"contentUrl\":\"https:\/\/www.aventure-chlorophylle.com\/wp-content\/uploads\/2021\/04\/logo_aventure_chlorophylle.png\",\"width\":356,\"height\":392,\"caption\":\"Aventure Chlorophylle\"},\"image\":{\"@id\":\"https:\/\/www.aventure-chlorophylle.com\/#\/schema\/logo\/image\/\"},\"sameAs\":[\"https:\/\/www.facebook.com\/aventurechlorophylle\",\"https:\/\/www.instagram.com\/aventure_chlorophylle\/\"]},{\"@type\":\"Person\",\"@id\":\"https:\/\/www.aventure-chlorophylle.com\/#\/schema\/person\/77e4da7f4c3c5be2ef2ce30a09863abe\",\"name\":\"Alex\"}]}<\/script>\n<!-- \/ Yoast SEO plugin. -->","yoast_head_json":{"title":"via ferrata du Siala | Gourette | Aventure Chlorophylle","description":"De via ferrata van Siala in de Pyrenee\u00ebn: een uitzonderlijk panorama van de Ossau-vallei van Gourette tot de Col d'Aubisque","robots":{"index":"index","follow":"follow","max-snippet":"max-snippet:-1","max-image-preview":"max-image-preview:large","max-video-preview":"max-video-preview:-1"},"canonical":"https:\/\/www.aventure-chlorophylle.com\/nl\/via-ferrata-du-siala-gourette-pyrenees-atlantiques\/","og_locale":"nl_NL","og_type":"article","og_title":"via ferrata du Siala | Gourette | Aventure Chlorophylle","og_description":"La via ferrata du Siala dans les Pyr\u00e9n\u00e9es : un panorama exceptionnel sur la vall\u00e9e d'Ossau de Gourette au Col d'Aubisque","og_url":"https:\/\/www.aventure-chlorophylle.com\/nl\/via-ferrata-du-siala-gourette-pyrenees-atlantiques\/","og_site_name":"Aventure Chlorophylle","article_publisher":"https:\/\/www.facebook.com\/aventurechlorophylle","article_published_time":"2022-02-18T11:06:24+00:00","article_modified_time":"2022-02-18T11:06:28+00:00","og_image":[{"width":1440,"height":1080,"url":"https:\/\/www.aventure-chlorophylle.com\/wp-content\/uploads\/2021\/06\/activite_via_ferrata_de_siala_35.jpg","type":"image\/jpeg"}],"author":"Alex","twitter_card":"summary_large_image","twitter_misc":{"Geschreven door":"Alex","Geschatte leestijd":"6 minuten"},"schema":{"@context":"https:\/\/schema.org","@graph":[{"@type":"Article","@id":"https:\/\/www.aventure-chlorophylle.com\/via-ferrata-du-siala-gourette-pyrenees-atlantiques\/#article","isPartOf":{"@id":"https:\/\/www.aventure-chlorophylle.com\/via-ferrata-du-siala-gourette-pyrenees-atlantiques\/"},"author":{"name":"Alex","@id":"https:\/\/www.aventure-chlorophylle.com\/#\/schema\/person\/77e4da7f4c3c5be2ef2ce30a09863abe"},"headline":"La via ferrata du Siala \u00e0 Gourette dans les Pyr\u00e9n\u00e9es Atlantiques","datePublished":"2022-02-18T11:06:24+00:00","dateModified":"2022-02-18T11:06:28+00:00","mainEntityOfPage":{"@id":"https:\/\/www.aventure-chlorophylle.com\/via-ferrata-du-siala-gourette-pyrenees-atlantiques\/"},"wordCount":1741,"publisher":{"@id":"https:\/\/www.aventure-chlorophylle.com\/#organization"},"image":{"@id":"https:\/\/www.aventure-chlorophylle.com\/via-ferrata-du-siala-gourette-pyrenees-atlantiques\/#primaryimage"},"thumbnailUrl":"https:\/\/www.aventure-chlorophylle.com\/wp-content\/uploads\/2021\/06\/activite_via_ferrata_de_siala_35.jpg","articleSection":["Blog"],"inLanguage":"nl-NL"},{"@type":"WebPage","@id":"https:\/\/www.aventure-chlorophylle.com\/via-ferrata-du-siala-gourette-pyrenees-atlantiques\/","url":"https:\/\/www.aventure-chlorophylle.com\/via-ferrata-du-siala-gourette-pyrenees-atlantiques\/","name":"via ferrata du Siala | Gourette | Aventure Chlorophylle","isPartOf":{"@id":"https:\/\/www.aventure-chlorophylle.com\/#website"},"primaryImageOfPage":{"@id":"https:\/\/www.aventure-chlorophylle.com\/via-ferrata-du-siala-gourette-pyrenees-atlantiques\/#primaryimage"},"image":{"@id":"https:\/\/www.aventure-chlorophylle.com\/via-ferrata-du-siala-gourette-pyrenees-atlantiques\/#primaryimage"},"thumbnailUrl":"https:\/\/www.aventure-chlorophylle.com\/wp-content\/uploads\/2021\/06\/activite_via_ferrata_de_siala_35.jpg","datePublished":"2022-02-18T11:06:24+00:00","dateModified":"2022-02-18T11:06:28+00:00","description":"De via ferrata van Siala in de Pyrenee\u00ebn: een uitzonderlijk panorama van de Ossau-vallei van Gourette tot de Col d'Aubisque","breadcrumb":{"@id":"https:\/\/www.aventure-chlorophylle.com\/via-ferrata-du-siala-gourette-pyrenees-atlantiques\/#breadcrumb"},"inLanguage":"nl-NL","potentialAction":[{"@type":"ReadAction","target":["https:\/\/www.aventure-chlorophylle.com\/via-ferrata-du-siala-gourette-pyrenees-atlantiques\/"]}]},{"@type":"ImageObject","inLanguage":"nl-NL","@id":"https:\/\/www.aventure-chlorophylle.com\/via-ferrata-du-siala-gourette-pyrenees-atlantiques\/#primaryimage","url":"https:\/\/www.aventure-chlorophylle.com\/wp-content\/uploads\/2021\/06\/activite_via_ferrata_de_siala_35.jpg","contentUrl":"https:\/\/www.aventure-chlorophylle.com\/wp-content\/uploads\/2021\/06\/activite_via_ferrata_de_siala_35.jpg","width":1440,"height":1080,"caption":"Via ferrata de Siala \u00e0 Gourette, \u00e0 1h de Pau"},{"@type":"BreadcrumbList","@id":"https:\/\/www.aventure-chlorophylle.com\/via-ferrata-du-siala-gourette-pyrenees-atlantiques\/#breadcrumb","itemListElement":[{"@type":"ListItem","position":1,"name":"Accueil","item":"https:\/\/www.aventure-chlorophylle.com\/"},{"@type":"ListItem","position":2,"name":"La via ferrata du Siala \u00e0 Gourette dans les Pyr\u00e9n\u00e9es Atlantiques"}]},{"@type":"WebSite","@id":"https:\/\/www.aventure-chlorophylle.com\/#website","url":"https:\/\/www.aventure-chlorophylle.com\/","name":"Chlorofyl avontuur","description":"Canyoning, rafting en speleologie in de Pyrenee\u00ebn","publisher":{"@id":"https:\/\/www.aventure-chlorophylle.com\/#organization"},"potentialAction":[{"@type":"SearchAction","target":{"@type":"EntryPoint","urlTemplate":"https:\/\/www.aventure-chlorophylle.com\/?s={search_term_string}"},"query-input":{"@type":"PropertyValueSpecification","valueRequired":true,"valueName":"search_term_string"}}],"inLanguage":"nl-NL"},{"@type":"Organization","@id":"https:\/\/www.aventure-chlorophylle.com\/#organization","name":"Chlorofyl avontuur","url":"https:\/\/www.aventure-chlorophylle.com\/","logo":{"@type":"ImageObject","inLanguage":"nl-NL","@id":"https:\/\/www.aventure-chlorophylle.com\/#\/schema\/logo\/image\/","url":"https:\/\/www.aventure-chlorophylle.com\/wp-content\/uploads\/2021\/04\/logo_aventure_chlorophylle.png","contentUrl":"https:\/\/www.aventure-chlorophylle.com\/wp-content\/uploads\/2021\/04\/logo_aventure_chlorophylle.png","width":356,"height":392,"caption":"Aventure Chlorophylle"},"image":{"@id":"https:\/\/www.aventure-chlorophylle.com\/#\/schema\/logo\/image\/"},"sameAs":["https:\/\/www.facebook.com\/aventurechlorophylle","https:\/\/www.instagram.com\/aventure_chlorophylle\/"]},{"@type":"Person","@id":"https:\/\/www.aventure-chlorophylle.com\/#\/schema\/person\/77e4da7f4c3c5be2ef2ce30a09863abe","name":"Alex"}]}},"_links":{"self":[{"href":"https:\/\/www.aventure-chlorophylle.com\/nl\/wp-json\/wp\/v2\/posts\/265527","targetHints":{"allow":["GET"]}}],"collection":[{"href":"https:\/\/www.aventure-chlorophylle.com\/nl\/wp-json\/wp\/v2\/posts"}],"about":[{"href":"https:\/\/www.aventure-chlorophylle.com\/nl\/wp-json\/wp\/v2\/types\/post"}],"author":[{"embeddable":true,"href":"https:\/\/www.aventure-chlorophylle.com\/nl\/wp-json\/wp\/v2\/users\/3"}],"replies":[{"embeddable":true,"href":"https:\/\/www.aventure-chlorophylle.com\/nl\/wp-json\/wp\/v2\/comments?post=265527"}],"version-history":[{"count":21,"href":"https:\/\/www.aventure-chlorophylle.com\/nl\/wp-json\/wp\/v2\/posts\/265527\/revisions"}],"predecessor-version":[{"id":265639,"href":"https:\/\/www.aventure-chlorophylle.com\/nl\/wp-json\/wp\/v2\/posts\/265527\/revisions\/265639"}],"wp:featuredmedia":[{"embeddable":true,"href":"https:\/\/www.aventure-chlorophylle.com\/nl\/wp-json\/wp\/v2\/media\/263247"}],"wp:attachment":[{"href":"https:\/\/www.aventure-chlorophylle.com\/nl\/wp-json\/wp\/v2\/media?parent=265527"}],"wp:term":[{"taxonomy":"category","embeddable":true,"href":"https:\/\/www.aventure-chlorophylle.com\/nl\/wp-json\/wp\/v2\/categories?post=265527"},{"taxonomy":"post_tag","embeddable":true,"href":"https:\/\/www.aventure-chlorophylle.com\/nl\/wp-json\/wp\/v2\/tags?post=265527"}],"curies":[{"name":"wp","href":"https:\/\/api.w.org\/{rel}","templated":true}]}}